		
		{"items":"\t\t\t<link rel=\"stylesheet\" id=\"wd-photoswipe-css\" href=\"https:\/\/oikos.pt\/wp-content\/themes\/woodmart\/css\/parts\/lib-photoswipe.min.css?ver=7.3.4\" type=\"text\/css\" media=\"all\" \/> \t\t\t\t\t\t<link rel=\"stylesheet\" id=\"wd-project-under-css\" href=\"https:\/\/oikos.pt\/wp-content\/themes\/woodmart\/css\/parts\/project-under.min.css?ver=7.3.4\" type=\"text\/css\" media=\"all\" \/> \t\t\t\n\t\t\n\t\t\n\t\t\t\t\t\t\t\t\n<article id=\"post-854\" class=\"portfolio-entry  col-lg-4 col-md-4 col-sm-6 col-12 portfolio-single masonry-item proj-cat-seguranca-alimentar-e-economia-local portfolio-text-shown post-854 portfolio type-portfolio status-publish has-post-thumbnail hentry project-cat-seguranca-alimentar-e-economia-local tax_setor-seguranca-alimentar tax_estado-projetos-concluidos tax_regiao-guatemala\">\n\t<header class=\"entry-header\">\n\t\t\t\t\t<figure class=\"entry-thumbnail color-scheme-light\">\n\t\t\t\t<a href=\"https:\/\/oikos.pt\/guatemala\/5d01\/\" class=\"portfolio-thumbnail\">\n\t\t\t\t\t<img width=\"335\" height=\"249\" src=\"https:\/\/oikos.pt\/wp-content\/themes\/woodmart\/images\/lazy.png\" class=\"attachment-large size-large wd-lazy-load wd-lazy-fade\" alt=\"\" decoding=\"async\" srcset=\"\" sizes=\"(max-width: 335px) 100vw, 335px\" data-wood-src=\"https:\/\/oikos.pt\/wp-content\/uploads\/2012\/02\/Planification-with-community.jpg\" data-srcset=\"https:\/\/oikos.pt\/wp-content\/uploads\/2012\/02\/Planification-with-community.jpg 335w, https:\/\/oikos.pt\/wp-content\/uploads\/2012\/02\/Planification-with-community-150x111.jpg 150w\" \/>\t\t\t\t<\/a>\n\t\t\t\t<div class=\"wd-portfolio-btns\">\n\t\t\t\t\t<div class=\"portfolio-enlarge wd-action-btn wd-style-icon wd-enlarge-icon wd-tltp wd-tltp-left\">\n\t\t\t\t\t\t<a href=\"https:\/\/oikos.pt\/wp-content\/uploads\/2012\/02\/Planification-with-community.jpg\" data-elementor-open-lightbox=\"no\">View Large<\/a>\n\t\t\t\t\t<\/div>\n\t\t\t\t\t\t\t\t\t\t\t<div class=\"social-icons-wrapper wd-action-btn wd-style-icon wd-share-icon wd-tltp wd-tltp-left\">\n\t\t\t\t\t\t\t<a><\/a>\n\t\t\t\t\t\t\t<div class=\"wd-tooltip-label\">\n\t\t\t\t\t\t\t\t\t\t\t<link rel=\"stylesheet\" id=\"wd-social-icons-css\" href=\"https:\/\/oikos.pt\/wp-content\/themes\/woodmart\/css\/parts\/el-social-icons.min.css?ver=7.3.4\" type=\"text\/css\" media=\"all\" \/> \t\t\t\n\t\t\t<div class=\" wd-social-icons icons-design-default icons-size-small color-scheme-light social-share social-form-circle text-center\">\n\n\t\t\t\t\n\t\t\t\t\t\t\t\t\t<a rel=\"noopener noreferrer nofollow\" href=\"https:\/\/www.facebook.com\/sharer\/sharer.php?u=https:\/\/oikos.pt\/guatemala\/5d01\/\" target=\"_blank\" class=\" wd-social-icon social-facebook\" aria-label=\"Facebook social link\">\n\t\t\t\t\t\t<span class=\"wd-icon\"><\/span>\n\t\t\t\t\t\t\t\t\t\t\t<\/a>\n\t\t\t\t\n\t\t\t\t\t\t\t\t\t<a rel=\"noopener noreferrer nofollow\" href=\"https:\/\/twitter.com\/share?url=https:\/\/oikos.pt\/guatemala\/5d01\/\" target=\"_blank\" class=\" wd-social-icon social-twitter\" aria-label=\"Twitter social link\">\n\t\t\t\t\t\t<span class=\"wd-icon\"><\/span>\n\t\t\t\t\t\t\t\t\t\t\t<\/a>\n\t\t\t\t\n\t\t\t\t\n\t\t\t\t\n\t\t\t\t\n\t\t\t\t\n\t\t\t\t\n\t\t\t\t\t\t\t\t\t<a rel=\"noopener noreferrer nofollow\" href=\"https:\/\/www.linkedin.com\/shareArticle?mini=true&url=https:\/\/oikos.pt\/guatemala\/5d01\/\" target=\"_blank\" class=\" wd-social-icon social-linkedin\" aria-label=\"Linkedin social link\">\n\t\t\t\t\t\t<span class=\"wd-icon\"><\/span>\n\t\t\t\t\t\t\t\t\t\t\t<\/a>\n\t\t\t\t\n\t\t\t\t\n\t\t\t\t\n\t\t\t\t\n\t\t\t\t\n\t\t\t\t\n\t\t\t\t\n\t\t\t\t\n\t\t\t\t\n\t\t\t\t\n\t\t\t\t\t\t\t\t\n\t\t\t\t\t\t\t\t\n\t\t\t\t\n\t\t\t\t\n\t\t\t\t\t\t\t\t\n\t\t\t\t\n\t\t\t<\/div>\n\n\t\t\t\t\t\t\t\t\t<\/div>\n\t\t\t\t\t\t<\/div>\n\t\t\t\t\t\t\t\t\t<\/div>\n\t\t\t<\/figure>\n\t\t\n\t\t<div class=\"portfolio-info\">\n\t\t\t\t\t\t\t<div class=\"wrap-meta\">\n\t\t\t\t\t<ul class=\"proj-cats-list\">\n\t\t\t\t\t\t\t\t\t\t\t\t\t\t\t\t\t\t\t\t<li>Seguran\u00e7a Alimentar e Economia Local<\/li>\n\t\t\t\t\t\t\t\t\t\t\t<\/ul>\n\t\t\t\t<\/div>\n\t\t\t\n\t\t\t<div class=\"wrap-title\">\n\t\t\t\t<h3 class=\"wd-entities-title\">\n\t\t\t\t\t<a href=\"https:\/\/oikos.pt\/guatemala\/5d01\/\" rel=\"bookmark\">Cotzic: Seguran\u00e7a Alimentar e Nutricional em Ixchigu\u00e1n<\/a>\n\t\t\t\t<\/h3>\n\t\t\t<\/div>\n\t\t<\/div>\n\t<\/header>\n<\/article>\n\t\t\t\t\t\t\t\t\n<article id=\"post-2527\" class=\"portfolio-entry  col-lg-4 col-md-4 col-sm-6 col-12 portfolio-single masonry-item proj-cat-ambiente-e-alteracoes-climaticas proj-cat-seguranca-alimentar-e-economia-local portfolio-text-shown post-2527 portfolio type-portfolio status-publish has-post-thumbnail hentry project-cat-ambiente-e-alteracoes-climaticas project-cat-seguranca-alimentar-e-economia-local tax_setor-ambiente-e-recursos-naturais tax_setor-desenvolvimento-da-economia-local tax_setor-seguranca-alimentar tax_estado-projetos-concluidos tax_regiao-cuba\">\n\t<header class=\"entry-header\">\n\t\t\t\t\t<figure class=\"entry-thumbnail color-scheme-light\">\n\t\t\t\t<a href=\"https:\/\/oikos.pt\/cuba\/5a37\/\" class=\"portfolio-thumbnail\">\n\t\t\t\t\t<img width=\"600\" height=\"450\" src=\"https:\/\/oikos.pt\/wp-content\/themes\/woodmart\/images\/lazy.png\" class=\"attachment-large size-large wd-lazy-load wd-lazy-fade\" alt=\"5a36\" decoding=\"async\" srcset=\"\" sizes=\"(max-width: 600px) 100vw, 600px\" data-wood-src=\"https:\/\/oikos.pt\/wp-content\/uploads\/2022\/11\/k2_items_cache_9869119d53a0e4ddb8dbcb0b1e6fe059_L.jpg\" data-srcset=\"https:\/\/oikos.pt\/wp-content\/uploads\/2022\/11\/k2_items_cache_9869119d53a0e4ddb8dbcb0b1e6fe059_L.jpg 600w, https:\/\/oikos.pt\/wp-content\/uploads\/2022\/11\/k2_items_cache_9869119d53a0e4ddb8dbcb0b1e6fe059_L-400x300.jpg 400w, https:\/\/oikos.pt\/wp-content\/uploads\/2022\/11\/k2_items_cache_9869119d53a0e4ddb8dbcb0b1e6fe059_L-430x323.jpg 430w, https:\/\/oikos.pt\/wp-content\/uploads\/2022\/11\/k2_items_cache_9869119d53a0e4ddb8dbcb0b1e6fe059_L-150x113.jpg 150w\" \/>\t\t\t\t<\/a>\n\t\t\t\t<div class=\"wd-portfolio-btns\">\n\t\t\t\t\t<div class=\"portfolio-enlarge wd-action-btn wd-style-icon wd-enlarge-icon wd-tltp wd-tltp-left\">\n\t\t\t\t\t\t<a href=\"https:\/\/oikos.pt\/wp-content\/uploads\/2022\/11\/k2_items_cache_9869119d53a0e4ddb8dbcb0b1e6fe059_L.jpg\" data-elementor-open-lightbox=\"no\">View Large<\/a>\n\t\t\t\t\t<\/div>\n\t\t\t\t\t\t\t\t\t\t\t<div class=\"social-icons-wrapper wd-action-btn wd-style-icon wd-share-icon wd-tltp wd-tltp-left\">\n\t\t\t\t\t\t\t<a><\/a>\n\t\t\t\t\t\t\t<div class=\"wd-tooltip-label\">\n\t\t\t\t\t\t\t\t\n\t\t\t<div class=\" wd-social-icons icons-design-default icons-size-small color-scheme-light social-share social-form-circle text-center\">\n\n\t\t\t\t\n\t\t\t\t\t\t\t\t\t<a rel=\"noopener noreferrer nofollow\" href=\"https:\/\/www.facebook.com\/sharer\/sharer.php?u=https:\/\/oikos.pt\/cuba\/5a37\/\" target=\"_blank\" class=\" wd-social-icon social-facebook\" aria-label=\"Facebook social link\">\n\t\t\t\t\t\t<span class=\"wd-icon\"><\/span>\n\t\t\t\t\t\t\t\t\t\t\t<\/a>\n\t\t\t\t\n\t\t\t\t\t\t\t\t\t<a rel=\"noopener noreferrer nofollow\" href=\"https:\/\/twitter.com\/share?url=https:\/\/oikos.pt\/cuba\/5a37\/\" target=\"_blank\" class=\" wd-social-icon social-twitter\" aria-label=\"Twitter social link\">\n\t\t\t\t\t\t<span class=\"wd-icon\"><\/span>\n\t\t\t\t\t\t\t\t\t\t\t<\/a>\n\t\t\t\t\n\t\t\t\t\n\t\t\t\t\n\t\t\t\t\n\t\t\t\t\n\t\t\t\t\n\t\t\t\t\t\t\t\t\t<a rel=\"noopener noreferrer nofollow\" href=\"https:\/\/www.linkedin.com\/shareArticle?mini=true&url=https:\/\/oikos.pt\/cuba\/5a37\/\" target=\"_blank\" class=\" wd-social-icon social-linkedin\" aria-label=\"Linkedin social link\">\n\t\t\t\t\t\t<span class=\"wd-icon\"><\/span>\n\t\t\t\t\t\t\t\t\t\t\t<\/a>\n\t\t\t\t\n\t\t\t\t\n\t\t\t\t\n\t\t\t\t\n\t\t\t\t\n\t\t\t\t\n\t\t\t\t\n\t\t\t\t\n\t\t\t\t\n\t\t\t\t\n\t\t\t\t\t\t\t\t\n\t\t\t\t\t\t\t\t\n\t\t\t\t\n\t\t\t\t\n\t\t\t\t\t\t\t\t\n\t\t\t\t\n\t\t\t<\/div>\n\n\t\t\t\t\t\t\t\t\t<\/div>\n\t\t\t\t\t\t<\/div>\n\t\t\t\t\t\t\t\t\t<\/div>\n\t\t\t<\/figure>\n\t\t\n\t\t<div class=\"portfolio-info\">\n\t\t\t\t\t\t\t<div class=\"wrap-meta\">\n\t\t\t\t\t<ul class=\"proj-cats-list\">\n\t\t\t\t\t\t\t\t\t\t\t\t\t\t\t\t\t\t\t\t<li>Ambiente e Altera\u00e7\u00f5es Clim\u00e1ticas<\/li>\n\t\t\t\t\t\t\t\t\t\t\t\t\t\t\t\t\t\t\t\t<li>Seguran\u00e7a Alimentar e Economia Local<\/li>\n\t\t\t\t\t\t\t\t\t\t\t<\/ul>\n\t\t\t\t<\/div>\n\t\t\t\n\t\t\t<div class=\"wrap-title\">\n\t\t\t\t<h3 class=\"wd-entities-title\">\n\t\t\t\t\t<a href=\"https:\/\/oikos.pt\/cuba\/5a37\/\" rel=\"bookmark\">Conserva\u00e7\u00e3o de alimentos para refor\u00e7ar a soberania alimentar local na Prov\u00edncia de Matanzas<\/a>\n\t\t\t\t<\/h3>\n\t\t\t<\/div>\n\t\t<\/div>\n\t<\/header>\n<\/article>\n\t\t\t\t\t\t\t\t\n<article id=\"post-13735\" class=\"portfolio-entry  col-lg-4 col-md-4 col-sm-6 col-12 portfolio-single masonry-item proj-cat-ambiente-e-alteracoes-climaticas proj-cat-seguranca-alimentar-e-economia-local portfolio-text-shown post-13735 portfolio type-portfolio status-publish has-post-thumbnail hentry project-cat-ambiente-e-alteracoes-climaticas project-cat-seguranca-alimentar-e-economia-local tax_setor-ambiente-e-recursos-naturais tax_setor-desenvolvimento-da-economia-local tax_setor-seguranca-alimentar tax_estado-projetos-concluidos tax_regiao-cuba\">\n\t<header class=\"entry-header\">\n\t\t\t\t\t<figure class=\"entry-thumbnail color-scheme-light\">\n\t\t\t\t<a href=\"https:\/\/oikos.pt\/cuba\/5a25\/\" class=\"portfolio-thumbnail\">\n\t\t\t\t\t<img width=\"1155\" height=\"800\" src=\"https:\/\/oikos.pt\/wp-content\/themes\/woodmart\/images\/lazy.png\" class=\"attachment-large size-large wd-lazy-load wd-lazy-fade\" alt=\"Cuba 5A25\" decoding=\"async\" srcset=\"\" sizes=\"(max-width: 1155px) 100vw, 1155px\" data-wood-src=\"https:\/\/oikos.pt\/wp-content\/uploads\/2022\/11\/images_banners_projectos_Cuba_5A25-1155x800.jpg\" data-srcset=\"https:\/\/oikos.pt\/wp-content\/uploads\/2022\/11\/images_banners_projectos_Cuba_5A25-1155x800.jpg 1155w, https:\/\/oikos.pt\/wp-content\/uploads\/2022\/11\/images_banners_projectos_Cuba_5A25-400x277.jpg 400w, https:\/\/oikos.pt\/wp-content\/uploads\/2022\/11\/images_banners_projectos_Cuba_5A25-768x532.jpg 768w, https:\/\/oikos.pt\/wp-content\/uploads\/2022\/11\/images_banners_projectos_Cuba_5A25-1536x1064.jpg 1536w, https:\/\/oikos.pt\/wp-content\/uploads\/2022\/11\/images_banners_projectos_Cuba_5A25-860x596.jpg 860w, https:\/\/oikos.pt\/wp-content\/uploads\/2022\/11\/images_banners_projectos_Cuba_5A25-430x298.jpg 430w, https:\/\/oikos.pt\/wp-content\/uploads\/2022\/11\/images_banners_projectos_Cuba_5A25-700x485.jpg 700w, https:\/\/oikos.pt\/wp-content\/uploads\/2022\/11\/images_banners_projectos_Cuba_5A25-150x104.jpg 150w, https:\/\/oikos.pt\/wp-content\/uploads\/2022\/11\/images_banners_projectos_Cuba_5A25.JPG 1698w\" \/>\t\t\t\t<\/a>\n\t\t\t\t<div class=\"wd-portfolio-btns\">\n\t\t\t\t\t<div class=\"portfolio-enlarge wd-action-btn wd-style-icon wd-enlarge-icon wd-tltp wd-tltp-left\">\n\t\t\t\t\t\t<a href=\"https:\/\/oikos.pt\/wp-content\/uploads\/2022\/11\/images_banners_projectos_Cuba_5A25.JPG\" data-elementor-open-lightbox=\"no\">View Large<\/a>\n\t\t\t\t\t<\/div>\n\t\t\t\t\t\t\t\t\t\t\t<div class=\"social-icons-wrapper wd-action-btn wd-style-icon wd-share-icon wd-tltp wd-tltp-left\">\n\t\t\t\t\t\t\t<a><\/a>\n\t\t\t\t\t\t\t<div class=\"wd-tooltip-label\">\n\t\t\t\t\t\t\t\t\n\t\t\t<div class=\" wd-social-icons icons-design-default icons-size-small color-scheme-light social-share social-form-circle text-center\">\n\n\t\t\t\t\n\t\t\t\t\t\t\t\t\t<a rel=\"noopener noreferrer nofollow\" href=\"https:\/\/www.facebook.com\/sharer\/sharer.php?u=https:\/\/oikos.pt\/cuba\/5a25\/\" target=\"_blank\" class=\" wd-social-icon social-facebook\" aria-label=\"Facebook social link\">\n\t\t\t\t\t\t<span class=\"wd-icon\"><\/span>\n\t\t\t\t\t\t\t\t\t\t\t<\/a>\n\t\t\t\t\n\t\t\t\t\t\t\t\t\t<a rel=\"noopener noreferrer nofollow\" href=\"https:\/\/twitter.com\/share?url=https:\/\/oikos.pt\/cuba\/5a25\/\" target=\"_blank\" class=\" wd-social-icon social-twitter\" aria-label=\"Twitter social link\">\n\t\t\t\t\t\t<span class=\"wd-icon\"><\/span>\n\t\t\t\t\t\t\t\t\t\t\t<\/a>\n\t\t\t\t\n\t\t\t\t\n\t\t\t\t\n\t\t\t\t\n\t\t\t\t\n\t\t\t\t\n\t\t\t\t\t\t\t\t\t<a rel=\"noopener noreferrer nofollow\" href=\"https:\/\/www.linkedin.com\/shareArticle?mini=true&url=https:\/\/oikos.pt\/cuba\/5a25\/\" target=\"_blank\" class=\" wd-social-icon social-linkedin\" aria-label=\"Linkedin social link\">\n\t\t\t\t\t\t<span class=\"wd-icon\"><\/span>\n\t\t\t\t\t\t\t\t\t\t\t<\/a>\n\t\t\t\t\n\t\t\t\t\n\t\t\t\t\n\t\t\t\t\n\t\t\t\t\n\t\t\t\t\n\t\t\t\t\n\t\t\t\t\n\t\t\t\t\n\t\t\t\t\n\t\t\t\t\t\t\t\t\n\t\t\t\t\t\t\t\t\n\t\t\t\t\n\t\t\t\t\n\t\t\t\t\t\t\t\t\n\t\t\t\t\n\t\t\t<\/div>\n\n\t\t\t\t\t\t\t\t\t<\/div>\n\t\t\t\t\t\t<\/div>\n\t\t\t\t\t\t\t\t\t<\/div>\n\t\t\t<\/figure>\n\t\t\n\t\t<div class=\"portfolio-info\">\n\t\t\t\t\t\t\t<div class=\"wrap-meta\">\n\t\t\t\t\t<ul class=\"proj-cats-list\">\n\t\t\t\t\t\t\t\t\t\t\t\t\t\t\t\t\t\t\t\t<li>Ambiente e Altera\u00e7\u00f5es Clim\u00e1ticas<\/li>\n\t\t\t\t\t\t\t\t\t\t\t\t\t\t\t\t\t\t\t\t<li>Seguran\u00e7a Alimentar e Economia Local<\/li>\n\t\t\t\t\t\t\t\t\t\t\t<\/ul>\n\t\t\t\t<\/div>\n\t\t\t\n\t\t\t<div class=\"wrap-title\">\n\t\t\t\t<h3 class=\"wd-entities-title\">\n\t\t\t\t\t<a href=\"https:\/\/oikos.pt\/cuba\/5a25\/\" rel=\"bookmark\">CO-INOVA\u00c7\u00c3O em processos agr\u00e1rios para fortalecer a soberania alimentar em Cuba<\/a>\n\t\t\t\t<\/h3>\n\t\t\t<\/div>\n\t\t<\/div>\n\t<\/header>\n<\/article>\n\t\t\t\t\t\t\t\t\n<article id=\"post-761\" class=\"portfolio-entry  col-lg-4 col-md-4 col-sm-6 col-12 portfolio-single masonry-item proj-cat-seguranca-alimentar-e-economia-local portfolio-text-shown post-761 portfolio type-portfolio status-publish has-post-thumbnail hentry project-cat-seguranca-alimentar-e-economia-local tax_setor-desenvolvimento-da-economia-local tax_setor-seguranca-alimentar tax_estado-projetos-concluidos tax_regiao-brasil\">\n\t<header class=\"entry-header\">\n\t\t\t\t\t<figure class=\"entry-thumbnail color-scheme-light\">\n\t\t\t\t<a href=\"https:\/\/oikos.pt\/brasil\/bra16\/\" class=\"portfolio-thumbnail\">\n\t\t\t\t\t<img width=\"712\" height=\"251\" src=\"https:\/\/oikos.pt\/wp-content\/themes\/woodmart\/images\/lazy.png\" class=\"attachment-large size-large wd-lazy-load wd-lazy-fade\" alt=\"\" decoding=\"async\" srcset=\"\" sizes=\"(max-width: 712px) 100vw, 712px\" data-wood-src=\"https:\/\/oikos.pt\/wp-content\/uploads\/2012\/02\/4.jpg\" data-srcset=\"https:\/\/oikos.pt\/wp-content\/uploads\/2012\/02\/4.jpg 712w, https:\/\/oikos.pt\/wp-content\/uploads\/2012\/02\/4-400x141.jpg 400w, https:\/\/oikos.pt\/wp-content\/uploads\/2012\/02\/4-430x152.jpg 430w, https:\/\/oikos.pt\/wp-content\/uploads\/2012\/02\/4-700x247.jpg 700w, https:\/\/oikos.pt\/wp-content\/uploads\/2012\/02\/4-150x53.jpg 150w\" \/>\t\t\t\t<\/a>\n\t\t\t\t<div class=\"wd-portfolio-btns\">\n\t\t\t\t\t<div class=\"portfolio-enlarge wd-action-btn wd-style-icon wd-enlarge-icon wd-tltp wd-tltp-left\">\n\t\t\t\t\t\t<a href=\"https:\/\/oikos.pt\/wp-content\/uploads\/2012\/02\/4.jpg\" data-elementor-open-lightbox=\"no\">View Large<\/a>\n\t\t\t\t\t<\/div>\n\t\t\t\t\t\t\t\t\t\t\t<div class=\"social-icons-wrapper wd-action-btn wd-style-icon wd-share-icon wd-tltp wd-tltp-left\">\n\t\t\t\t\t\t\t<a><\/a>\n\t\t\t\t\t\t\t<div class=\"wd-tooltip-label\">\n\t\t\t\t\t\t\t\t\n\t\t\t<div class=\" wd-social-icons icons-design-default icons-size-small color-scheme-light social-share social-form-circle text-center\">\n\n\t\t\t\t\n\t\t\t\t\t\t\t\t\t<a rel=\"noopener noreferrer nofollow\" href=\"https:\/\/www.facebook.com\/sharer\/sharer.php?u=https:\/\/oikos.pt\/brasil\/bra16\/\" target=\"_blank\" class=\" wd-social-icon social-facebook\" aria-label=\"Facebook social link\">\n\t\t\t\t\t\t<span class=\"wd-icon\"><\/span>\n\t\t\t\t\t\t\t\t\t\t\t<\/a>\n\t\t\t\t\n\t\t\t\t\t\t\t\t\t<a rel=\"noopener noreferrer nofollow\" href=\"https:\/\/twitter.com\/share?url=https:\/\/oikos.pt\/brasil\/bra16\/\" target=\"_blank\" class=\" wd-social-icon social-twitter\" aria-label=\"Twitter social link\">\n\t\t\t\t\t\t<span class=\"wd-icon\"><\/span>\n\t\t\t\t\t\t\t\t\t\t\t<\/a>\n\t\t\t\t\n\t\t\t\t\n\t\t\t\t\n\t\t\t\t\n\t\t\t\t\n\t\t\t\t\n\t\t\t\t\t\t\t\t\t<a rel=\"noopener noreferrer nofollow\" href=\"https:\/\/www.linkedin.com\/shareArticle?mini=true&url=https:\/\/oikos.pt\/brasil\/bra16\/\" target=\"_blank\" class=\" wd-social-icon social-linkedin\" aria-label=\"Linkedin social link\">\n\t\t\t\t\t\t<span class=\"wd-icon\"><\/span>\n\t\t\t\t\t\t\t\t\t\t\t<\/a>\n\t\t\t\t\n\t\t\t\t\n\t\t\t\t\n\t\t\t\t\n\t\t\t\t\n\t\t\t\t\n\t\t\t\t\n\t\t\t\t\n\t\t\t\t\n\t\t\t\t\n\t\t\t\t\t\t\t\t\n\t\t\t\t\t\t\t\t\n\t\t\t\t\n\t\t\t\t\n\t\t\t\t\t\t\t\t\n\t\t\t\t\n\t\t\t<\/div>\n\n\t\t\t\t\t\t\t\t\t<\/div>\n\t\t\t\t\t\t<\/div>\n\t\t\t\t\t\t\t\t\t<\/div>\n\t\t\t<\/figure>\n\t\t\n\t\t<div class=\"portfolio-info\">\n\t\t\t\t\t\t\t<div class=\"wrap-meta\">\n\t\t\t\t\t<ul class=\"proj-cats-list\">\n\t\t\t\t\t\t\t\t\t\t\t\t\t\t\t\t\t\t\t\t<li>Seguran\u00e7a Alimentar e Economia Local<\/li>\n\t\t\t\t\t\t\t\t\t\t\t<\/ul>\n\t\t\t\t<\/div>\n\t\t\t\n\t\t\t<div class=\"wrap-title\">\n\t\t\t\t<h3 class=\"wd-entities-title\">\n\t\t\t\t\t<a href=\"https:\/\/oikos.pt\/brasil\/bra16\/\" rel=\"bookmark\">Casa da farinha do piqui, Maranh\u00e3o<\/a>\n\t\t\t\t<\/h3>\n\t\t\t<\/div>\n\t\t<\/div>\n\t<\/header>\n<\/article>\n\t\t\t\t\t\t\t\t\n<article id=\"post-2757\" class=\"portfolio-entry  col-lg-4 col-md-4 col-sm-6 col-12 portfolio-single masonry-item proj-cat-ambiente-e-alteracoes-climaticas proj-cat-seguranca-alimentar-e-economia-local portfolio-text-shown post-2757 portfolio type-portfolio status-publish has-post-thumbnail hentry project-cat-ambiente-e-alteracoes-climaticas project-cat-seguranca-alimentar-e-economia-local tax_setor-ambiente-e-recursos-naturais tax_setor-meios-de-subsistencia tax_setor-seguranca-alimentar tax_estado-projetos-concluidos tax_regiao-sao-tome-e-principe\">\n\t<header class=\"entry-header\">\n\t\t\t\t\t<figure class=\"entry-thumbnail color-scheme-light\">\n\t\t\t\t<a href=\"https:\/\/oikos.pt\/sao-tome-e-principe\/3c09\/\" class=\"portfolio-thumbnail\">\n\t\t\t\t\t<img width=\"1300\" height=\"618\" src=\"https:\/\/oikos.pt\/wp-content\/themes\/woodmart\/images\/lazy.png\" class=\"attachment-large size-large wd-lazy-load wd-lazy-fade\" alt=\"\" decoding=\"async\" srcset=\"\" sizes=\"(max-width: 1300px) 100vw, 1300px\" data-wood-src=\"https:\/\/oikos.pt\/wp-content\/uploads\/2021\/08\/IMG_9300-scaled-e1694086349788-1300x618.jpg\" data-srcset=\"https:\/\/oikos.pt\/wp-content\/uploads\/2021\/08\/IMG_9300-scaled-e1694086349788-1300x618.jpg 1300w, https:\/\/oikos.pt\/wp-content\/uploads\/2021\/08\/IMG_9300-scaled-e1694086349788-400x190.jpg 400w, https:\/\/oikos.pt\/wp-content\/uploads\/2021\/08\/IMG_9300-scaled-e1694086349788-768x365.jpg 768w, https:\/\/oikos.pt\/wp-content\/uploads\/2021\/08\/IMG_9300-scaled-e1694086349788-1536x730.jpg 1536w, https:\/\/oikos.pt\/wp-content\/uploads\/2021\/08\/IMG_9300-scaled-e1694086349788-2048x973.jpg 2048w, https:\/\/oikos.pt\/wp-content\/uploads\/2021\/08\/IMG_9300-scaled-e1694086349788-860x409.jpg 860w, https:\/\/oikos.pt\/wp-content\/uploads\/2021\/08\/IMG_9300-scaled-e1694086349788-430x204.jpg 430w, https:\/\/oikos.pt\/wp-content\/uploads\/2021\/08\/IMG_9300-scaled-e1694086349788-700x333.jpg 700w, https:\/\/oikos.pt\/wp-content\/uploads\/2021\/08\/IMG_9300-scaled-e1694086349788-150x71.jpg 150w\" \/>\t\t\t\t<\/a>\n\t\t\t\t<div class=\"wd-portfolio-btns\">\n\t\t\t\t\t<div class=\"portfolio-enlarge wd-action-btn wd-style-icon wd-enlarge-icon wd-tltp wd-tltp-left\">\n\t\t\t\t\t\t<a href=\"https:\/\/oikos.pt\/wp-content\/uploads\/2021\/08\/IMG_9300-scaled-e1694086349788.jpg\" data-elementor-open-lightbox=\"no\">View Large<\/a>\n\t\t\t\t\t<\/div>\n\t\t\t\t\t\t\t\t\t\t\t<div class=\"social-icons-wrapper wd-action-btn wd-style-icon wd-share-icon wd-tltp wd-tltp-left\">\n\t\t\t\t\t\t\t<a><\/a>\n\t\t\t\t\t\t\t<div class=\"wd-tooltip-label\">\n\t\t\t\t\t\t\t\t\n\t\t\t<div class=\" wd-social-icons icons-design-default icons-size-small color-scheme-light social-share social-form-circle text-center\">\n\n\t\t\t\t\n\t\t\t\t\t\t\t\t\t<a rel=\"noopener noreferrer nofollow\" href=\"https:\/\/www.facebook.com\/sharer\/sharer.php?u=https:\/\/oikos.pt\/sao-tome-e-principe\/3c09\/\" target=\"_blank\" class=\" wd-social-icon social-facebook\" aria-label=\"Facebook social link\">\n\t\t\t\t\t\t<span class=\"wd-icon\"><\/span>\n\t\t\t\t\t\t\t\t\t\t\t<\/a>\n\t\t\t\t\n\t\t\t\t\t\t\t\t\t<a rel=\"noopener noreferrer nofollow\" href=\"https:\/\/twitter.com\/share?url=https:\/\/oikos.pt\/sao-tome-e-principe\/3c09\/\" target=\"_blank\" class=\" wd-social-icon social-twitter\" aria-label=\"Twitter social link\">\n\t\t\t\t\t\t<span class=\"wd-icon\"><\/span>\n\t\t\t\t\t\t\t\t\t\t\t<\/a>\n\t\t\t\t\n\t\t\t\t\n\t\t\t\t\n\t\t\t\t\n\t\t\t\t\n\t\t\t\t\n\t\t\t\t\t\t\t\t\t<a rel=\"noopener noreferrer nofollow\" href=\"https:\/\/www.linkedin.com\/shareArticle?mini=true&url=https:\/\/oikos.pt\/sao-tome-e-principe\/3c09\/\" target=\"_blank\" class=\" wd-social-icon social-linkedin\" aria-label=\"Linkedin social link\">\n\t\t\t\t\t\t<span class=\"wd-icon\"><\/span>\n\t\t\t\t\t\t\t\t\t\t\t<\/a>\n\t\t\t\t\n\t\t\t\t\n\t\t\t\t\n\t\t\t\t\n\t\t\t\t\n\t\t\t\t\n\t\t\t\t\n\t\t\t\t\n\t\t\t\t\n\t\t\t\t\n\t\t\t\t\t\t\t\t\n\t\t\t\t\t\t\t\t\n\t\t\t\t\n\t\t\t\t\n\t\t\t\t\t\t\t\t\n\t\t\t\t\n\t\t\t<\/div>\n\n\t\t\t\t\t\t\t\t\t<\/div>\n\t\t\t\t\t\t<\/div>\n\t\t\t\t\t\t\t\t\t<\/div>\n\t\t\t<\/figure>\n\t\t\n\t\t<div class=\"portfolio-info\">\n\t\t\t\t\t\t\t<div class=\"wrap-meta\">\n\t\t\t\t\t<ul class=\"proj-cats-list\">\n\t\t\t\t\t\t\t\t\t\t\t\t\t\t\t\t\t\t\t\t<li>Ambiente e Altera\u00e7\u00f5es Clim\u00e1ticas<\/li>\n\t\t\t\t\t\t\t\t\t\t\t\t\t\t\t\t\t\t\t\t<li>Seguran\u00e7a Alimentar e Economia Local<\/li>\n\t\t\t\t\t\t\t\t\t\t\t<\/ul>\n\t\t\t\t<\/div>\n\t\t\t\n\t\t\t<div class=\"wrap-title\">\n\t\t\t\t<h3 class=\"wd-entities-title\">\n\t\t\t\t\t<a href=\"https:\/\/oikos.pt\/sao-tome-e-principe\/3c09\/\" rel=\"bookmark\">Capacita\u00e7\u00e3o de comunidades para a produ\u00e7\u00e3o e comercializa\u00e7\u00e3o de produtos florestais n\u00e3o madeireiros<\/a>\n\t\t\t\t<\/h3>\n\t\t\t<\/div>\n\t\t<\/div>\n\t<\/header>\n<\/article>\n\t\t\t\t\t\t\t\t\n<article id=\"post-786\" class=\"portfolio-entry  col-lg-4 col-md-4 col-sm-6 col-12 portfolio-single masonry-item proj-cat-ambiente-e-alteracoes-climaticas proj-cat-seguranca-alimentar-e-economia-local portfolio-text-shown post-786 portfolio type-portfolio status-publish has-post-thumbnail hentry project-cat-ambiente-e-alteracoes-climaticas project-cat-seguranca-alimentar-e-economia-local tax_setor-ambiente-e-recursos-naturais tax_setor-desenvolvimento-da-economia-local tax_setor-seguranca-alimentar tax_estado-projetos-concluidos tax_regiao-honduras\">\n\t<header class=\"entry-header\">\n\t\t\t\t\t<figure class=\"entry-thumbnail color-scheme-light\">\n\t\t\t\t<a href=\"https:\/\/oikos.pt\/honduras\/5b07\/\" class=\"portfolio-thumbnail\">\n\t\t\t\t\t<img width=\"800\" height=\"531\" src=\"https:\/\/oikos.pt\/wp-content\/themes\/woodmart\/images\/lazy.png\" class=\"attachment-large size-large wd-lazy-load wd-lazy-fade\" alt=\"\" decoding=\"async\" srcset=\"\" sizes=\"(max-width: 800px) 100vw, 800px\" data-wood-src=\"https:\/\/oikos.pt\/wp-content\/uploads\/2012\/02\/240704_10150209107214844_2238389_o.jpg\" data-srcset=\"https:\/\/oikos.pt\/wp-content\/uploads\/2012\/02\/240704_10150209107214844_2238389_o.jpg 800w, https:\/\/oikos.pt\/wp-content\/uploads\/2012\/02\/240704_10150209107214844_2238389_o-400x266.jpg 400w, https:\/\/oikos.pt\/wp-content\/uploads\/2012\/02\/240704_10150209107214844_2238389_o-768x510.jpg 768w, https:\/\/oikos.pt\/wp-content\/uploads\/2012\/02\/240704_10150209107214844_2238389_o-430x285.jpg 430w, https:\/\/oikos.pt\/wp-content\/uploads\/2012\/02\/240704_10150209107214844_2238389_o-700x465.jpg 700w, https:\/\/oikos.pt\/wp-content\/uploads\/2012\/02\/240704_10150209107214844_2238389_o-150x100.jpg 150w\" \/>\t\t\t\t<\/a>\n\t\t\t\t<div class=\"wd-portfolio-btns\">\n\t\t\t\t\t<div class=\"portfolio-enlarge wd-action-btn wd-style-icon wd-enlarge-icon wd-tltp wd-tltp-left\">\n\t\t\t\t\t\t<a href=\"https:\/\/oikos.pt\/wp-content\/uploads\/2012\/02\/240704_10150209107214844_2238389_o.jpg\" data-elementor-open-lightbox=\"no\">View Large<\/a>\n\t\t\t\t\t<\/div>\n\t\t\t\t\t\t\t\t\t\t\t<div class=\"social-icons-wrapper wd-action-btn wd-style-icon wd-share-icon wd-tltp wd-tltp-left\">\n\t\t\t\t\t\t\t<a><\/a>\n\t\t\t\t\t\t\t<div class=\"wd-tooltip-label\">\n\t\t\t\t\t\t\t\t\n\t\t\t<div class=\" wd-social-icons icons-design-default icons-size-small color-scheme-light social-share social-form-circle text-center\">\n\n\t\t\t\t\n\t\t\t\t\t\t\t\t\t<a rel=\"noopener noreferrer nofollow\" href=\"https:\/\/www.facebook.com\/sharer\/sharer.php?u=https:\/\/oikos.pt\/honduras\/5b07\/\" target=\"_blank\" class=\" wd-social-icon social-facebook\" aria-label=\"Facebook social link\">\n\t\t\t\t\t\t<span class=\"wd-icon\"><\/span>\n\t\t\t\t\t\t\t\t\t\t\t<\/a>\n\t\t\t\t\n\t\t\t\t\t\t\t\t\t<a rel=\"noopener noreferrer nofollow\" href=\"https:\/\/twitter.com\/share?url=https:\/\/oikos.pt\/honduras\/5b07\/\" target=\"_blank\" class=\" wd-social-icon social-twitter\" aria-label=\"Twitter social link\">\n\t\t\t\t\t\t<span class=\"wd-icon\"><\/span>\n\t\t\t\t\t\t\t\t\t\t\t<\/a>\n\t\t\t\t\n\t\t\t\t\n\t\t\t\t\n\t\t\t\t\n\t\t\t\t\n\t\t\t\t\n\t\t\t\t\t\t\t\t\t<a rel=\"noopener noreferrer nofollow\" href=\"https:\/\/www.linkedin.com\/shareArticle?mini=true&url=https:\/\/oikos.pt\/honduras\/5b07\/\" target=\"_blank\" class=\" wd-social-icon social-linkedin\" aria-label=\"Linkedin social link\">\n\t\t\t\t\t\t<span class=\"wd-icon\"><\/span>\n\t\t\t\t\t\t\t\t\t\t\t<\/a>\n\t\t\t\t\n\t\t\t\t\n\t\t\t\t\n\t\t\t\t\n\t\t\t\t\n\t\t\t\t\n\t\t\t\t\n\t\t\t\t\n\t\t\t\t\n\t\t\t\t\n\t\t\t\t\t\t\t\t\n\t\t\t\t\t\t\t\t\n\t\t\t\t\n\t\t\t\t\n\t\t\t\t\t\t\t\t\n\t\t\t\t\n\t\t\t<\/div>\n\n\t\t\t\t\t\t\t\t\t<\/div>\n\t\t\t\t\t\t<\/div>\n\t\t\t\t\t\t\t\t\t<\/div>\n\t\t\t<\/figure>\n\t\t\n\t\t<div class=\"portfolio-info\">\n\t\t\t\t\t\t\t<div class=\"wrap-meta\">\n\t\t\t\t\t<ul class=\"proj-cats-list\">\n\t\t\t\t\t\t\t\t\t\t\t\t\t\t\t\t\t\t\t\t<li>Ambiente e Altera\u00e7\u00f5es Clim\u00e1ticas<\/li>\n\t\t\t\t\t\t\t\t\t\t\t\t\t\t\t\t\t\t\t\t<li>Seguran\u00e7a Alimentar e Economia Local<\/li>\n\t\t\t\t\t\t\t\t\t\t\t<\/ul>\n\t\t\t\t<\/div>\n\t\t\t\n\t\t\t<div class=\"wrap-title\">\n\t\t\t\t<h3 class=\"wd-entities-title\">\n\t\t\t\t\t<a href=\"https:\/\/oikos.pt\/honduras\/5b07\/\" rel=\"bookmark\">Cadeias produtivas e gest\u00e3o sustent\u00e1vel dos recursos naturais em zonas de ladeira do munic\u00edpio de Pespire<\/a>\n\t\t\t\t<\/h3>\n\t\t\t<\/div>\n\t\t<\/div>\n\t<\/header>\n<\/article>\n\t\t\t\t\t\t\t\t\n<article id=\"post-2127\" class=\"portfolio-entry  col-lg-4 col-md-4 col-sm-6 col-12 portfolio-single masonry-item proj-cat-seguranca-alimentar-e-economia-local portfolio-text-shown post-2127 portfolio type-portfolio status-publish has-post-thumbnail hentry project-cat-seguranca-alimentar-e-economia-local tax_setor-meios-de-subsistencia tax_setor-seguranca-alimentar tax_estado-projetos-concluidos tax_regiao-angola\">\n\t<header class=\"entry-header\">\n\t\t\t\t\t<figure class=\"entry-thumbnail color-scheme-light\">\n\t\t\t\t<a href=\"https:\/\/oikos.pt\/angola\/3a81\/\" class=\"portfolio-thumbnail\">\n\t\t\t\t\t<img width=\"880\" height=\"247\" src=\"https:\/\/oikos.pt\/wp-content\/themes\/woodmart\/images\/lazy.png\" class=\"attachment-large size-large wd-lazy-load wd-lazy-fade\" alt=\"\" decoding=\"async\" srcset=\"\" sizes=\"(max-width: 880px) 100vw, 880px\" data-wood-src=\"https:\/\/oikos.pt\/wp-content\/uploads\/2012\/02\/Criancas-da-escola-e1694189449397.bmp\" data-srcset=\"https:\/\/oikos.pt\/wp-content\/uploads\/2012\/02\/Criancas-da-escola-e1694189449397.bmp 880w, https:\/\/oikos.pt\/wp-content\/uploads\/2012\/02\/Criancas-da-escola-e1694189449397-400x112.bmp 400w, https:\/\/oikos.pt\/wp-content\/uploads\/2012\/02\/Criancas-da-escola-e1694189449397-768x216.bmp 768w, https:\/\/oikos.pt\/wp-content\/uploads\/2012\/02\/Criancas-da-escola-e1694189449397-860x241.bmp 860w, https:\/\/oikos.pt\/wp-content\/uploads\/2012\/02\/Criancas-da-escola-e1694189449397-430x121.bmp 430w, https:\/\/oikos.pt\/wp-content\/uploads\/2012\/02\/Criancas-da-escola-e1694189449397-700x196.bmp 700w, https:\/\/oikos.pt\/wp-content\/uploads\/2012\/02\/Criancas-da-escola-e1694189449397-150x42.bmp 150w\" \/>\t\t\t\t<\/a>\n\t\t\t\t<div class=\"wd-portfolio-btns\">\n\t\t\t\t\t<div class=\"portfolio-enlarge wd-action-btn wd-style-icon wd-enlarge-icon wd-tltp wd-tltp-left\">\n\t\t\t\t\t\t<a href=\"https:\/\/oikos.pt\/wp-content\/uploads\/2012\/02\/Criancas-da-escola-e1694189449397.bmp\" data-elementor-open-lightbox=\"no\">View Large<\/a>\n\t\t\t\t\t<\/div>\n\t\t\t\t\t\t\t\t\t\t\t<div class=\"social-icons-wrapper wd-action-btn wd-style-icon wd-share-icon wd-tltp wd-tltp-left\">\n\t\t\t\t\t\t\t<a><\/a>\n\t\t\t\t\t\t\t<div class=\"wd-tooltip-label\">\n\t\t\t\t\t\t\t\t\n\t\t\t<div class=\" wd-social-icons icons-design-default icons-size-small color-scheme-light social-share social-form-circle text-center\">\n\n\t\t\t\t\n\t\t\t\t\t\t\t\t\t<a rel=\"noopener noreferrer nofollow\" href=\"https:\/\/www.facebook.com\/sharer\/sharer.php?u=https:\/\/oikos.pt\/angola\/3a81\/\" target=\"_blank\" class=\" wd-social-icon social-facebook\" aria-label=\"Facebook social link\">\n\t\t\t\t\t\t<span class=\"wd-icon\"><\/span>\n\t\t\t\t\t\t\t\t\t\t\t<\/a>\n\t\t\t\t\n\t\t\t\t\t\t\t\t\t<a rel=\"noopener noreferrer nofollow\" href=\"https:\/\/twitter.com\/share?url=https:\/\/oikos.pt\/angola\/3a81\/\" target=\"_blank\" class=\" wd-social-icon social-twitter\" aria-label=\"Twitter social link\">\n\t\t\t\t\t\t<span class=\"wd-icon\"><\/span>\n\t\t\t\t\t\t\t\t\t\t\t<\/a>\n\t\t\t\t\n\t\t\t\t\n\t\t\t\t\n\t\t\t\t\n\t\t\t\t\n\t\t\t\t\n\t\t\t\t\t\t\t\t\t<a rel=\"noopener noreferrer nofollow\" href=\"https:\/\/www.linkedin.com\/shareArticle?mini=true&url=https:\/\/oikos.pt\/angola\/3a81\/\" target=\"_blank\" class=\" wd-social-icon social-linkedin\" aria-label=\"Linkedin social link\">\n\t\t\t\t\t\t<span class=\"wd-icon\"><\/span>\n\t\t\t\t\t\t\t\t\t\t\t<\/a>\n\t\t\t\t\n\t\t\t\t\n\t\t\t\t\n\t\t\t\t\n\t\t\t\t\n\t\t\t\t\n\t\t\t\t\n\t\t\t\t\n\t\t\t\t\n\t\t\t\t\n\t\t\t\t\t\t\t\t\n\t\t\t\t\t\t\t\t\n\t\t\t\t\n\t\t\t\t\n\t\t\t\t\t\t\t\t\n\t\t\t\t\n\t\t\t<\/div>\n\n\t\t\t\t\t\t\t\t\t<\/div>\n\t\t\t\t\t\t<\/div>\n\t\t\t\t\t\t\t\t\t<\/div>\n\t\t\t<\/figure>\n\t\t\n\t\t<div class=\"portfolio-info\">\n\t\t\t\t\t\t\t<div class=\"wrap-meta\">\n\t\t\t\t\t<ul class=\"proj-cats-list\">\n\t\t\t\t\t\t\t\t\t\t\t\t\t\t\t\t\t\t\t\t<li>Seguran\u00e7a Alimentar e Economia Local<\/li>\n\t\t\t\t\t\t\t\t\t\t\t<\/ul>\n\t\t\t\t<\/div>\n\t\t\t\n\t\t\t<div class=\"wrap-title\">\n\t\t\t\t<h3 class=\"wd-entities-title\">\n\t\t\t\t\t<a href=\"https:\/\/oikos.pt\/angola\/3a81\/\" rel=\"bookmark\">Balumuka &#8211; Programa de Seguran\u00e7a Alimentar<\/a>\n\t\t\t\t<\/h3>\n\t\t\t<\/div>\n\t\t<\/div>\n\t<\/header>\n<\/article>\n\t\t\t\t\t\t\t\t\n<article id=\"post-27987\" class=\"portfolio-entry  col-lg-4 col-md-4 col-sm-6 col-12 portfolio-single masonry-item proj-cat-ambiente-e-alteracoes-climaticas proj-cat-seguranca-alimentar-e-economia-local portfolio-text-shown post-27987 portfolio type-portfolio status-publish has-post-thumbnail hentry project-cat-ambiente-e-alteracoes-climaticas project-cat-seguranca-alimentar-e-economia-local tax_setor-meios-de-subsistencia tax_setor-resiliencia-e-alteracoes-climaticas tax_setor-seguranca-alimentar tax_estado-projetos-em-curso tax_regiao-colombia\">\n\t<header class=\"entry-header\">\n\t\t\t\t\t<figure class=\"entry-thumbnail color-scheme-light\">\n\t\t\t\t<a href=\"https:\/\/oikos.pt\/colombia\/co001\/\" class=\"portfolio-thumbnail\">\n\t\t\t\t\t<img width=\"940\" height=\"788\" src=\"https:\/\/oikos.pt\/wp-content\/themes\/woodmart\/images\/lazy.png\" class=\"attachment-large size-large wd-lazy-load wd-lazy-fade\" alt=\"\" decoding=\"async\" srcset=\"\" sizes=\"(max-width: 940px) 100vw, 940px\" data-wood-src=\"https:\/\/oikos.pt\/wp-content\/uploads\/2024\/09\/27.png\" data-srcset=\"https:\/\/oikos.pt\/wp-content\/uploads\/2024\/09\/27.png 940w, https:\/\/oikos.pt\/wp-content\/uploads\/2024\/09\/27-358x300.png 358w, https:\/\/oikos.pt\/wp-content\/uploads\/2024\/09\/27-768x644.png 768w, https:\/\/oikos.pt\/wp-content\/uploads\/2024\/09\/27-860x721.png 860w, https:\/\/oikos.pt\/wp-content\/uploads\/2024\/09\/27-430x360.png 430w, https:\/\/oikos.pt\/wp-content\/uploads\/2024\/09\/27-700x587.png 700w, https:\/\/oikos.pt\/wp-content\/uploads\/2024\/09\/27-150x126.png 150w\" \/>\t\t\t\t<\/a>\n\t\t\t\t<div class=\"wd-portfolio-btns\">\n\t\t\t\t\t<div class=\"portfolio-enlarge wd-action-btn wd-style-icon wd-enlarge-icon wd-tltp wd-tltp-left\">\n\t\t\t\t\t\t<a href=\"https:\/\/oikos.pt\/wp-content\/uploads\/2024\/09\/27.png\" data-elementor-open-lightbox=\"no\">View Large<\/a>\n\t\t\t\t\t<\/div>\n\t\t\t\t\t\t\t\t\t\t\t<div class=\"social-icons-wrapper wd-action-btn wd-style-icon wd-share-icon wd-tltp wd-tltp-left\">\n\t\t\t\t\t\t\t<a><\/a>\n\t\t\t\t\t\t\t<div class=\"wd-tooltip-label\">\n\t\t\t\t\t\t\t\t\n\t\t\t<div class=\" wd-social-icons icons-design-default icons-size-small color-scheme-light social-share social-form-circle text-center\">\n\n\t\t\t\t\n\t\t\t\t\t\t\t\t\t<a rel=\"noopener noreferrer nofollow\" href=\"https:\/\/www.facebook.com\/sharer\/sharer.php?u=https:\/\/oikos.pt\/colombia\/co001\/\" target=\"_blank\" class=\" wd-social-icon social-facebook\" aria-label=\"Facebook social link\">\n\t\t\t\t\t\t<span class=\"wd-icon\"><\/span>\n\t\t\t\t\t\t\t\t\t\t\t<\/a>\n\t\t\t\t\n\t\t\t\t\t\t\t\t\t<a rel=\"noopener noreferrer nofollow\" href=\"https:\/\/twitter.com\/share?url=https:\/\/oikos.pt\/colombia\/co001\/\" target=\"_blank\" class=\" wd-social-icon social-twitter\" aria-label=\"Twitter social link\">\n\t\t\t\t\t\t<span class=\"wd-icon\"><\/span>\n\t\t\t\t\t\t\t\t\t\t\t<\/a>\n\t\t\t\t\n\t\t\t\t\n\t\t\t\t\n\t\t\t\t\n\t\t\t\t\n\t\t\t\t\n\t\t\t\t\t\t\t\t\t<a rel=\"noopener noreferrer nofollow\" href=\"https:\/\/www.linkedin.com\/shareArticle?mini=true&url=https:\/\/oikos.pt\/colombia\/co001\/\" target=\"_blank\" class=\" wd-social-icon social-linkedin\" aria-label=\"Linkedin social link\">\n\t\t\t\t\t\t<span class=\"wd-icon\"><\/span>\n\t\t\t\t\t\t\t\t\t\t\t<\/a>\n\t\t\t\t\n\t\t\t\t\n\t\t\t\t\n\t\t\t\t\n\t\t\t\t\n\t\t\t\t\n\t\t\t\t\n\t\t\t\t\n\t\t\t\t\n\t\t\t\t\n\t\t\t\t\t\t\t\t\n\t\t\t\t\t\t\t\t\n\t\t\t\t\n\t\t\t\t\n\t\t\t\t\t\t\t\t\n\t\t\t\t\n\t\t\t<\/div>\n\n\t\t\t\t\t\t\t\t\t<\/div>\n\t\t\t\t\t\t<\/div>\n\t\t\t\t\t\t\t\t\t<\/div>\n\t\t\t<\/figure>\n\t\t\n\t\t<div class=\"portfolio-info\">\n\t\t\t\t\t\t\t<div class=\"wrap-meta\">\n\t\t\t\t\t<ul class=\"proj-cats-list\">\n\t\t\t\t\t\t\t\t\t\t\t\t\t\t\t\t\t\t\t\t<li>Ambiente e Altera\u00e7\u00f5es Clim\u00e1ticas<\/li>\n\t\t\t\t\t\t\t\t\t\t\t\t\t\t\t\t\t\t\t\t<li>Seguran\u00e7a Alimentar e Economia Local<\/li>\n\t\t\t\t\t\t\t\t\t\t\t<\/ul>\n\t\t\t\t<\/div>\n\t\t\t\n\t\t\t<div class=\"wrap-title\">\n\t\t\t\t<h3 class=\"wd-entities-title\">\n\t\t\t\t\t<a href=\"https:\/\/oikos.pt\/colombia\/co001\/\" rel=\"bookmark\">AYMURAY &#8211; Refor\u00e7o da capacidade de resposta e adapta\u00e7\u00e3o de pequenos produtores aos efeitos de eventos clim\u00e1ticos e conflitos sociais<\/a>\n\t\t\t\t<\/h3>\n\t\t\t<\/div>\n\t\t<\/div>\n\t<\/header>\n<\/article>\n\t\t\t\t\t\t\t\t\n<article id=\"post-2529\" class=\"portfolio-entry  col-lg-4 col-md-4 col-sm-6 col-12 portfolio-single masonry-item proj-cat-acesso-aos-servicos-sociais-basicos proj-cat-seguranca-alimentar-e-economia-local portfolio-text-shown post-2529 portfolio type-portfolio status-publish has-post-thumbnail hentry project-cat-acesso-aos-servicos-sociais-basicos project-cat-seguranca-alimentar-e-economia-local tax_setor-desenvolvimento-da-economia-local tax_setor-meios-de-subsistencia tax_setor-seguranca-alimentar tax_estado-projetos-concluidos tax_regiao-cuba\">\n\t<header class=\"entry-header\">\n\t\t\t\t\t<figure class=\"entry-thumbnail color-scheme-light\">\n\t\t\t\t<a href=\"https:\/\/oikos.pt\/cuba\/5a38\/\" class=\"portfolio-thumbnail\">\n\t\t\t\t\t<img width=\"600\" height=\"322\" src=\"https:\/\/oikos.pt\/wp-content\/themes\/woodmart\/images\/lazy.png\" class=\"attachment-large size-large wd-lazy-load wd-lazy-fade\" alt=\"5a36\" decoding=\"async\" srcset=\"\" sizes=\"(max-width: 600px) 100vw, 600px\" data-wood-src=\"https:\/\/oikos.pt\/wp-content\/uploads\/2022\/11\/k2_items_cache_431b945f5e067c1db39db74162af6e1c_L-e1697469961739.jpg\" data-srcset=\"https:\/\/oikos.pt\/wp-content\/uploads\/2022\/11\/k2_items_cache_431b945f5e067c1db39db74162af6e1c_L-e1697469961739.jpg 600w, https:\/\/oikos.pt\/wp-content\/uploads\/2022\/11\/k2_items_cache_431b945f5e067c1db39db74162af6e1c_L-e1697469961739-400x215.jpg 400w, https:\/\/oikos.pt\/wp-content\/uploads\/2022\/11\/k2_items_cache_431b945f5e067c1db39db74162af6e1c_L-e1697469961739-430x231.jpg 430w, https:\/\/oikos.pt\/wp-content\/uploads\/2022\/11\/k2_items_cache_431b945f5e067c1db39db74162af6e1c_L-e1697469961739-150x81.jpg 150w\" \/>\t\t\t\t<\/a>\n\t\t\t\t<div class=\"wd-portfolio-btns\">\n\t\t\t\t\t<div class=\"portfolio-enlarge wd-action-btn wd-style-icon wd-enlarge-icon wd-tltp wd-tltp-left\">\n\t\t\t\t\t\t<a href=\"https:\/\/oikos.pt\/wp-content\/uploads\/2022\/11\/k2_items_cache_431b945f5e067c1db39db74162af6e1c_L-e1697469961739.jpg\" data-elementor-open-lightbox=\"no\">View Large<\/a>\n\t\t\t\t\t<\/div>\n\t\t\t\t\t\t\t\t\t\t\t<div class=\"social-icons-wrapper wd-action-btn wd-style-icon wd-share-icon wd-tltp wd-tltp-left\">\n\t\t\t\t\t\t\t<a><\/a>\n\t\t\t\t\t\t\t<div class=\"wd-tooltip-label\">\n\t\t\t\t\t\t\t\t\n\t\t\t<div class=\" wd-social-icons icons-design-default icons-size-small color-scheme-light social-share social-form-circle text-center\">\n\n\t\t\t\t\n\t\t\t\t\t\t\t\t\t<a rel=\"noopener noreferrer nofollow\" href=\"https:\/\/www.facebook.com\/sharer\/sharer.php?u=https:\/\/oikos.pt\/cuba\/5a38\/\" target=\"_blank\" class=\" wd-social-icon social-facebook\" aria-label=\"Facebook social link\">\n\t\t\t\t\t\t<span class=\"wd-icon\"><\/span>\n\t\t\t\t\t\t\t\t\t\t\t<\/a>\n\t\t\t\t\n\t\t\t\t\t\t\t\t\t<a rel=\"noopener noreferrer nofollow\" href=\"https:\/\/twitter.com\/share?url=https:\/\/oikos.pt\/cuba\/5a38\/\" target=\"_blank\" class=\" wd-social-icon social-twitter\" aria-label=\"Twitter social link\">\n\t\t\t\t\t\t<span class=\"wd-icon\"><\/span>\n\t\t\t\t\t\t\t\t\t\t\t<\/a>\n\t\t\t\t\n\t\t\t\t\n\t\t\t\t\n\t\t\t\t\n\t\t\t\t\n\t\t\t\t\n\t\t\t\t\t\t\t\t\t<a rel=\"noopener noreferrer nofollow\" href=\"https:\/\/www.linkedin.com\/shareArticle?mini=true&url=https:\/\/oikos.pt\/cuba\/5a38\/\" target=\"_blank\" class=\" wd-social-icon social-linkedin\" aria-label=\"Linkedin social link\">\n\t\t\t\t\t\t<span class=\"wd-icon\"><\/span>\n\t\t\t\t\t\t\t\t\t\t\t<\/a>\n\t\t\t\t\n\t\t\t\t\n\t\t\t\t\n\t\t\t\t\n\t\t\t\t\n\t\t\t\t\n\t\t\t\t\n\t\t\t\t\n\t\t\t\t\n\t\t\t\t\n\t\t\t\t\t\t\t\t\n\t\t\t\t\t\t\t\t\n\t\t\t\t\n\t\t\t\t\n\t\t\t\t\t\t\t\t\n\t\t\t\t\n\t\t\t<\/div>\n\n\t\t\t\t\t\t\t\t\t<\/div>\n\t\t\t\t\t\t<\/div>\n\t\t\t\t\t\t\t\t\t<\/div>\n\t\t\t<\/figure>\n\t\t\n\t\t<div class=\"portfolio-info\">\n\t\t\t\t\t\t\t<div class=\"wrap-meta\">\n\t\t\t\t\t<ul class=\"proj-cats-list\">\n\t\t\t\t\t\t\t\t\t\t\t\t\t\t\t\t\t\t\t\t<li>Acesso aos Servi\u00e7os Sociais B\u00e1sicos<\/li>\n\t\t\t\t\t\t\t\t\t\t\t\t\t\t\t\t\t\t\t\t<li>Seguran\u00e7a Alimentar e Economia Local<\/li>\n\t\t\t\t\t\t\t\t\t\t\t<\/ul>\n\t\t\t\t<\/div>\n\t\t\t\n\t\t\t<div class=\"wrap-title\">\n\t\t\t\t<h3 class=\"wd-entities-title\">\n\t\t\t\t\t<a href=\"https:\/\/oikos.pt\/cuba\/5a38\/\" rel=\"bookmark\">Aumento da produ\u00e7\u00e3o alimentar na Prov\u00edncia de Villa Clara<\/a>\n\t\t\t\t<\/h3>\n\t\t\t<\/div>\n\t\t<\/div>\n\t<\/header>\n<\/article>\n\t\t\t\t\t\t\t\t\n<article id=\"post-2532\" class=\"portfolio-entry  col-lg-4 col-md-4 col-sm-6 col-12 portfolio-single masonry-item proj-cat-seguranca-alimentar-e-economia-local portfolio-text-shown post-2532 portfolio type-portfolio status-publish has-post-thumbnail hentry project-cat-seguranca-alimentar-e-economia-local tax_setor-seguranca-alimentar tax_estado-projetos-concluidos tax_regiao-mocambique\">\n\t<header class=\"entry-header\">\n\t\t\t\t\t<figure class=\"entry-thumbnail color-scheme-light\">\n\t\t\t\t<a href=\"https:\/\/oikos.pt\/mocambique\/3b44\/\" class=\"portfolio-thumbnail\">\n\t\t\t\t\t<img width=\"600\" height=\"338\" src=\"https:\/\/oikos.pt\/wp-content\/themes\/woodmart\/images\/lazy.png\" class=\"attachment-large size-large wd-lazy-load wd-lazy-fade\" alt=\"3B49\" decoding=\"async\" srcset=\"\" sizes=\"(max-width: 600px) 100vw, 600px\" data-wood-src=\"https:\/\/oikos.pt\/wp-content\/uploads\/2022\/11\/k2_items_cache_ac2e849b4a428fbab1a3915044f21521_L.jpg\" data-srcset=\"https:\/\/oikos.pt\/wp-content\/uploads\/2022\/11\/k2_items_cache_ac2e849b4a428fbab1a3915044f21521_L.jpg 600w, https:\/\/oikos.pt\/wp-content\/uploads\/2022\/11\/k2_items_cache_ac2e849b4a428fbab1a3915044f21521_L-400x225.jpg 400w, https:\/\/oikos.pt\/wp-content\/uploads\/2022\/11\/k2_items_cache_ac2e849b4a428fbab1a3915044f21521_L-430x242.jpg 430w, https:\/\/oikos.pt\/wp-content\/uploads\/2022\/11\/k2_items_cache_ac2e849b4a428fbab1a3915044f21521_L-150x85.jpg 150w\" \/>\t\t\t\t<\/a>\n\t\t\t\t<div class=\"wd-portfolio-btns\">\n\t\t\t\t\t<div class=\"portfolio-enlarge wd-action-btn wd-style-icon wd-enlarge-icon wd-tltp wd-tltp-left\">\n\t\t\t\t\t\t<a href=\"https:\/\/oikos.pt\/wp-content\/uploads\/2022\/11\/k2_items_cache_ac2e849b4a428fbab1a3915044f21521_L.jpg\" data-elementor-open-lightbox=\"no\">View Large<\/a>\n\t\t\t\t\t<\/div>\n\t\t\t\t\t\t\t\t\t\t\t<div class=\"social-icons-wrapper wd-action-btn wd-style-icon wd-share-icon wd-tltp wd-tltp-left\">\n\t\t\t\t\t\t\t<a><\/a>\n\t\t\t\t\t\t\t<div class=\"wd-tooltip-label\">\n\t\t\t\t\t\t\t\t\n\t\t\t<div class=\" wd-social-icons icons-design-default icons-size-small color-scheme-light social-share social-form-circle text-center\">\n\n\t\t\t\t\n\t\t\t\t\t\t\t\t\t<a rel=\"noopener noreferrer nofollow\" href=\"https:\/\/www.facebook.com\/sharer\/sharer.php?u=https:\/\/oikos.pt\/mocambique\/3b44\/\" target=\"_blank\" class=\" wd-social-icon social-facebook\" aria-label=\"Facebook social link\">\n\t\t\t\t\t\t<span class=\"wd-icon\"><\/span>\n\t\t\t\t\t\t\t\t\t\t\t<\/a>\n\t\t\t\t\n\t\t\t\t\t\t\t\t\t<a rel=\"noopener noreferrer nofollow\" href=\"https:\/\/twitter.com\/share?url=https:\/\/oikos.pt\/mocambique\/3b44\/\" target=\"_blank\" class=\" wd-social-icon social-twitter\" aria-label=\"Twitter social link\">\n\t\t\t\t\t\t<span class=\"wd-icon\"><\/span>\n\t\t\t\t\t\t\t\t\t\t\t<\/a>\n\t\t\t\t\n\t\t\t\t\n\t\t\t\t\n\t\t\t\t\n\t\t\t\t\n\t\t\t\t\n\t\t\t\t\t\t\t\t\t<a rel=\"noopener noreferrer nofollow\" href=\"https:\/\/www.linkedin.com\/shareArticle?mini=true&url=https:\/\/oikos.pt\/mocambique\/3b44\/\" target=\"_blank\" class=\" wd-social-icon social-linkedin\" aria-label=\"Linkedin social link\">\n\t\t\t\t\t\t<span class=\"wd-icon\"><\/span>\n\t\t\t\t\t\t\t\t\t\t\t<\/a>\n\t\t\t\t\n\t\t\t\t\n\t\t\t\t\n\t\t\t\t\n\t\t\t\t\n\t\t\t\t\n\t\t\t\t\n\t\t\t\t\n\t\t\t\t\n\t\t\t\t\n\t\t\t\t\t\t\t\t\n\t\t\t\t\t\t\t\t\n\t\t\t\t\n\t\t\t\t\n\t\t\t\t\t\t\t\t\n\t\t\t\t\n\t\t\t<\/div>\n\n\t\t\t\t\t\t\t\t\t<\/div>\n\t\t\t\t\t\t<\/div>\n\t\t\t\t\t\t\t\t\t<\/div>\n\t\t\t<\/figure>\n\t\t\n\t\t<div class=\"portfolio-info\">\n\t\t\t\t\t\t\t<div class=\"wrap-meta\">\n\t\t\t\t\t<ul class=\"proj-cats-list\">\n\t\t\t\t\t\t\t\t\t\t\t\t\t\t\t\t\t\t\t\t<li>Seguran\u00e7a Alimentar e Economia Local<\/li>\n\t\t\t\t\t\t\t\t\t\t\t<\/ul>\n\t\t\t\t<\/div>\n\t\t\t\n\t\t\t<div class=\"wrap-title\">\n\t\t\t\t<h3 class=\"wd-entities-title\">\n\t\t\t\t\t<a href=\"https:\/\/oikos.pt\/mocambique\/3b44\/\" rel=\"bookmark\">Assist\u00eancia Alimentar \u00e0s comunidades afectadas pelo Ciclone Idai<\/a>\n\t\t\t\t<\/h3>\n\t\t\t<\/div>\n\t\t<\/div>\n\t<\/header>\n<\/article>\n\t\t\t\t\t\t\t\t\n<article id=\"post-2534\" class=\"portfolio-entry  col-lg-4 col-md-4 col-sm-6 col-12 portfolio-single masonry-item proj-cat-seguranca-alimentar-e-economia-local portfolio-text-shown post-2534 portfolio type-portfolio status-publish has-post-thumbnail hentry project-cat-seguranca-alimentar-e-economia-local tax_setor-seguranca-alimentar tax_estado-projetos-concluidos tax_regiao-mocambique\">\n\t<header class=\"entry-header\">\n\t\t\t\t\t<figure class=\"entry-thumbnail color-scheme-light\">\n\t\t\t\t<a href=\"https:\/\/oikos.pt\/mocambique\/3b46\/\" class=\"portfolio-thumbnail\">\n\t\t\t\t\t<img width=\"1300\" height=\"726\" src=\"https:\/\/oikos.pt\/wp-content\/themes\/woodmart\/images\/lazy.png\" class=\"attachment-large size-large wd-lazy-load wd-lazy-fade\" alt=\"\" decoding=\"async\" srcset=\"\" sizes=\"(max-width: 1300px) 100vw, 1300px\" data-wood-src=\"https:\/\/oikos.pt\/wp-content\/uploads\/2020\/08\/grs-mocambique-1741-scaled-e1692367842183-1300x726.jpg\" data-srcset=\"https:\/\/oikos.pt\/wp-content\/uploads\/2020\/08\/grs-mocambique-1741-scaled-e1692367842183-1300x726.jpg 1300w, https:\/\/oikos.pt\/wp-content\/uploads\/2020\/08\/grs-mocambique-1741-scaled-e1692367842183-400x223.jpg 400w, https:\/\/oikos.pt\/wp-content\/uploads\/2020\/08\/grs-mocambique-1741-scaled-e1692367842183-768x429.jpg 768w, https:\/\/oikos.pt\/wp-content\/uploads\/2020\/08\/grs-mocambique-1741-scaled-e1692367842183-1536x857.jpg 1536w, https:\/\/oikos.pt\/wp-content\/uploads\/2020\/08\/grs-mocambique-1741-scaled-e1692367842183-2048x1143.jpg 2048w, https:\/\/oikos.pt\/wp-content\/uploads\/2020\/08\/grs-mocambique-1741-scaled-e1692367842183-860x480.jpg 860w, https:\/\/oikos.pt\/wp-content\/uploads\/2020\/08\/grs-mocambique-1741-scaled-e1692367842183-430x240.jpg 430w, https:\/\/oikos.pt\/wp-content\/uploads\/2020\/08\/grs-mocambique-1741-scaled-e1692367842183-700x391.jpg 700w, https:\/\/oikos.pt\/wp-content\/uploads\/2020\/08\/grs-mocambique-1741-scaled-e1692367842183-150x84.jpg 150w\" \/>\t\t\t\t<\/a>\n\t\t\t\t<div class=\"wd-portfolio-btns\">\n\t\t\t\t\t<div class=\"portfolio-enlarge wd-action-btn wd-style-icon wd-enlarge-icon wd-tltp wd-tltp-left\">\n\t\t\t\t\t\t<a href=\"https:\/\/oikos.pt\/wp-content\/uploads\/2020\/08\/grs-mocambique-1741-scaled-e1692367842183.jpg\" data-elementor-open-lightbox=\"no\">View Large<\/a>\n\t\t\t\t\t<\/div>\n\t\t\t\t\t\t\t\t\t\t\t<div class=\"social-icons-wrapper wd-action-btn wd-style-icon wd-share-icon wd-tltp wd-tltp-left\">\n\t\t\t\t\t\t\t<a><\/a>\n\t\t\t\t\t\t\t<div class=\"wd-tooltip-label\">\n\t\t\t\t\t\t\t\t\n\t\t\t<div class=\" wd-social-icons icons-design-default icons-size-small color-scheme-light social-share social-form-circle text-center\">\n\n\t\t\t\t\n\t\t\t\t\t\t\t\t\t<a rel=\"noopener noreferrer nofollow\" href=\"https:\/\/www.facebook.com\/sharer\/sharer.php?u=https:\/\/oikos.pt\/mocambique\/3b46\/\" target=\"_blank\" class=\" wd-social-icon social-facebook\" aria-label=\"Facebook social link\">\n\t\t\t\t\t\t<span class=\"wd-icon\"><\/span>\n\t\t\t\t\t\t\t\t\t\t\t<\/a>\n\t\t\t\t\n\t\t\t\t\t\t\t\t\t<a rel=\"noopener noreferrer nofollow\" href=\"https:\/\/twitter.com\/share?url=https:\/\/oikos.pt\/mocambique\/3b46\/\" target=\"_blank\" class=\" wd-social-icon social-twitter\" aria-label=\"Twitter social link\">\n\t\t\t\t\t\t<span class=\"wd-icon\"><\/span>\n\t\t\t\t\t\t\t\t\t\t\t<\/a>\n\t\t\t\t\n\t\t\t\t\n\t\t\t\t\n\t\t\t\t\n\t\t\t\t\n\t\t\t\t\n\t\t\t\t\t\t\t\t\t<a rel=\"noopener noreferrer nofollow\" href=\"https:\/\/www.linkedin.com\/shareArticle?mini=true&url=https:\/\/oikos.pt\/mocambique\/3b46\/\" target=\"_blank\" class=\" wd-social-icon social-linkedin\" aria-label=\"Linkedin social link\">\n\t\t\t\t\t\t<span class=\"wd-icon\"><\/span>\n\t\t\t\t\t\t\t\t\t\t\t<\/a>\n\t\t\t\t\n\t\t\t\t\n\t\t\t\t\n\t\t\t\t\n\t\t\t\t\n\t\t\t\t\n\t\t\t\t\n\t\t\t\t\n\t\t\t\t\n\t\t\t\t\n\t\t\t\t\t\t\t\t\n\t\t\t\t\t\t\t\t\n\t\t\t\t\n\t\t\t\t\n\t\t\t\t\t\t\t\t\n\t\t\t\t\n\t\t\t<\/div>\n\n\t\t\t\t\t\t\t\t\t<\/div>\n\t\t\t\t\t\t<\/div>\n\t\t\t\t\t\t\t\t\t<\/div>\n\t\t\t<\/figure>\n\t\t\n\t\t<div class=\"portfolio-info\">\n\t\t\t\t\t\t\t<div class=\"wrap-meta\">\n\t\t\t\t\t<ul class=\"proj-cats-list\">\n\t\t\t\t\t\t\t\t\t\t\t\t\t\t\t\t\t\t\t\t<li>Seguran\u00e7a Alimentar e Economia Local<\/li>\n\t\t\t\t\t\t\t\t\t\t\t<\/ul>\n\t\t\t\t<\/div>\n\t\t\t\n\t\t\t<div class=\"wrap-title\">\n\t\t\t\t<h3 class=\"wd-entities-title\">\n\t\t\t\t\t<a href=\"https:\/\/oikos.pt\/mocambique\/3b46\/\" rel=\"bookmark\">Assist\u00eancia Alimentar (Ciclone Kenneth)<\/a>\n\t\t\t\t<\/h3>\n\t\t\t<\/div>\n\t\t<\/div>\n\t<\/header>\n<\/article>\n\t\t\t\t\t\t\t\t\n<article id=\"post-2537\" class=\"portfolio-entry  col-lg-4 col-md-4 col-sm-6 col-12 portfolio-single masonry-item proj-cat-seguranca-alimentar-e-economia-local portfolio-text-shown post-2537 portfolio type-portfolio status-publish has-post-thumbnail hentry project-cat-seguranca-alimentar-e-economia-local tax_setor-seguranca-alimentar tax_estado-projetos-concluidos tax_regiao-mocambique\">\n\t<header class=\"entry-header\">\n\t\t\t\t\t<figure class=\"entry-thumbnail color-scheme-light\">\n\t\t\t\t<a href=\"https:\/\/oikos.pt\/mocambique\/3b48\/\" class=\"portfolio-thumbnail\">\n\t\t\t\t\t<img width=\"1300\" height=\"576\" src=\"https:\/\/oikos.pt\/wp-content\/themes\/woodmart\/images\/lazy.png\" class=\"attachment-large size-large wd-lazy-load wd-lazy-fade\" alt=\"\" decoding=\"async\" srcset=\"\" sizes=\"(max-width: 1300px) 100vw, 1300px\" data-wood-src=\"https:\/\/oikos.pt\/wp-content\/uploads\/2020\/08\/DSC_0416-scaled-e1692369388117-1300x576.jpg\" data-srcset=\"https:\/\/oikos.pt\/wp-content\/uploads\/2020\/08\/DSC_0416-scaled-e1692369388117-1300x576.jpg 1300w, https:\/\/oikos.pt\/wp-content\/uploads\/2020\/08\/DSC_0416-scaled-e1692369388117-400x177.jpg 400w, https:\/\/oikos.pt\/wp-content\/uploads\/2020\/08\/DSC_0416-scaled-e1692369388117-768x340.jpg 768w, https:\/\/oikos.pt\/wp-content\/uploads\/2020\/08\/DSC_0416-scaled-e1692369388117-1536x680.jpg 1536w, https:\/\/oikos.pt\/wp-content\/uploads\/2020\/08\/DSC_0416-scaled-e1692369388117-2048x907.jpg 2048w, https:\/\/oikos.pt\/wp-content\/uploads\/2020\/08\/DSC_0416-scaled-e1692369388117-860x381.jpg 860w, https:\/\/oikos.pt\/wp-content\/uploads\/2020\/08\/DSC_0416-scaled-e1692369388117-430x190.jpg 430w, https:\/\/oikos.pt\/wp-content\/uploads\/2020\/08\/DSC_0416-scaled-e1692369388117-700x310.jpg 700w, https:\/\/oikos.pt\/wp-content\/uploads\/2020\/08\/DSC_0416-scaled-e1692369388117-150x66.jpg 150w\" \/>\t\t\t\t<\/a>\n\t\t\t\t<div class=\"wd-portfolio-btns\">\n\t\t\t\t\t<div class=\"portfolio-enlarge wd-action-btn wd-style-icon wd-enlarge-icon wd-tltp wd-tltp-left\">\n\t\t\t\t\t\t<a href=\"https:\/\/oikos.pt\/wp-content\/uploads\/2020\/08\/DSC_0416-scaled-e1692369388117.jpg\" data-elementor-open-lightbox=\"no\">View Large<\/a>\n\t\t\t\t\t<\/div>\n\t\t\t\t\t\t\t\t\t\t\t<div class=\"social-icons-wrapper wd-action-btn wd-style-icon wd-share-icon wd-tltp wd-tltp-left\">\n\t\t\t\t\t\t\t<a><\/a>\n\t\t\t\t\t\t\t<div class=\"wd-tooltip-label\">\n\t\t\t\t\t\t\t\t\n\t\t\t<div class=\" wd-social-icons icons-design-default icons-size-small color-scheme-light social-share social-form-circle text-center\">\n\n\t\t\t\t\n\t\t\t\t\t\t\t\t\t<a rel=\"noopener noreferrer nofollow\" href=\"https:\/\/www.facebook.com\/sharer\/sharer.php?u=https:\/\/oikos.pt\/mocambique\/3b48\/\" target=\"_blank\" class=\" wd-social-icon social-facebook\" aria-label=\"Facebook social link\">\n\t\t\t\t\t\t<span class=\"wd-icon\"><\/span>\n\t\t\t\t\t\t\t\t\t\t\t<\/a>\n\t\t\t\t\n\t\t\t\t\t\t\t\t\t<a rel=\"noopener noreferrer nofollow\" href=\"https:\/\/twitter.com\/share?url=https:\/\/oikos.pt\/mocambique\/3b48\/\" target=\"_blank\" class=\" wd-social-icon social-twitter\" aria-label=\"Twitter social link\">\n\t\t\t\t\t\t<span class=\"wd-icon\"><\/span>\n\t\t\t\t\t\t\t\t\t\t\t<\/a>\n\t\t\t\t\n\t\t\t\t\n\t\t\t\t\n\t\t\t\t\n\t\t\t\t\n\t\t\t\t\n\t\t\t\t\t\t\t\t\t<a rel=\"noopener noreferrer nofollow\" href=\"https:\/\/www.linkedin.com\/shareArticle?mini=true&url=https:\/\/oikos.pt\/mocambique\/3b48\/\" target=\"_blank\" class=\" wd-social-icon social-linkedin\" aria-label=\"Linkedin social link\">\n\t\t\t\t\t\t<span class=\"wd-icon\"><\/span>\n\t\t\t\t\t\t\t\t\t\t\t<\/a>\n\t\t\t\t\n\t\t\t\t\n\t\t\t\t\n\t\t\t\t\n\t\t\t\t\n\t\t\t\t\n\t\t\t\t\n\t\t\t\t\n\t\t\t\t\n\t\t\t\t\n\t\t\t\t\t\t\t\t\n\t\t\t\t\t\t\t\t\n\t\t\t\t\n\t\t\t\t\n\t\t\t\t\t\t\t\t\n\t\t\t\t\n\t\t\t<\/div>\n\n\t\t\t\t\t\t\t\t\t<\/div>\n\t\t\t\t\t\t<\/div>\n\t\t\t\t\t\t\t\t\t<\/div>\n\t\t\t<\/figure>\n\t\t\n\t\t<div class=\"portfolio-info\">\n\t\t\t\t\t\t\t<div class=\"wrap-meta\">\n\t\t\t\t\t<ul class=\"proj-cats-list\">\n\t\t\t\t\t\t\t\t\t\t\t\t\t\t\t\t\t\t\t\t<li>Seguran\u00e7a Alimentar e Economia Local<\/li>\n\t\t\t\t\t\t\t\t\t\t\t<\/ul>\n\t\t\t\t<\/div>\n\t\t\t\n\t\t\t<div class=\"wrap-title\">\n\t\t\t\t<h3 class=\"wd-entities-title\">\n\t\t\t\t\t<a href=\"https:\/\/oikos.pt\/mocambique\/3b48\/\" rel=\"bookmark\">Assist\u00eancia Alimentar (Cabo Delgado)<\/a>\n\t\t\t\t<\/h3>\n\t\t\t<\/div>\n\t\t<\/div>\n\t<\/header>\n<\/article>\n\t\t\t\t\t\t\t\t\n<article id=\"post-35193\" class=\"portfolio-entry  col-lg-4 col-md-4 col-sm-6 col-12 portfolio-single masonry-item proj-cat-acesso-aos-servicos-sociais-basicos proj-cat-seguranca-alimentar-e-economia-local portfolio-text-shown post-35193 portfolio type-portfolio status-publish has-post-thumbnail hentry project-cat-acesso-aos-servicos-sociais-basicos project-cat-seguranca-alimentar-e-economia-local tax_setor-agua-e-saneamento tax_setor-desenvolvimento-da-economia-local tax_setor-meios-de-subsistencia tax_setor-seguranca-alimentar tax_estado-projetos-concluidos tax_regiao-mocambique\">\n\t<header class=\"entry-header\">\n\t\t\t\t\t<figure class=\"entry-thumbnail color-scheme-light\">\n\t\t\t\t<a href=\"https:\/\/oikos.pt\/mocambique\/3b64\/\" class=\"portfolio-thumbnail\">\n\t\t\t\t\t<img width=\"1124\" height=\"800\" src=\"https:\/\/oikos.pt\/wp-content\/themes\/woodmart\/images\/lazy.png\" class=\"attachment-large size-large wd-lazy-load wd-lazy-fade\" alt=\"\" decoding=\"async\" srcset=\"\" sizes=\"(max-width: 1124px) 100vw, 1124px\" data-wood-src=\"https:\/\/oikos.pt\/wp-content\/uploads\/2025\/04\/Captura-de-ecra-2025-04-02-as-15.18.14-1124x800.png\" data-srcset=\"https:\/\/oikos.pt\/wp-content\/uploads\/2025\/04\/Captura-de-ecra-2025-04-02-as-15.18.14-1124x800.png 1124w, https:\/\/oikos.pt\/wp-content\/uploads\/2025\/04\/Captura-de-ecra-2025-04-02-as-15.18.14-400x285.png 400w, https:\/\/oikos.pt\/wp-content\/uploads\/2025\/04\/Captura-de-ecra-2025-04-02-as-15.18.14-768x547.png 768w, https:\/\/oikos.pt\/wp-content\/uploads\/2025\/04\/Captura-de-ecra-2025-04-02-as-15.18.14-1536x1093.png 1536w, https:\/\/oikos.pt\/wp-content\/uploads\/2025\/04\/Captura-de-ecra-2025-04-02-as-15.18.14-2048x1458.png 2048w, https:\/\/oikos.pt\/wp-content\/uploads\/2025\/04\/Captura-de-ecra-2025-04-02-as-15.18.14-860x612.png 860w, https:\/\/oikos.pt\/wp-content\/uploads\/2025\/04\/Captura-de-ecra-2025-04-02-as-15.18.14-430x306.png 430w, https:\/\/oikos.pt\/wp-content\/uploads\/2025\/04\/Captura-de-ecra-2025-04-02-as-15.18.14-700x498.png 700w, https:\/\/oikos.pt\/wp-content\/uploads\/2025\/04\/Captura-de-ecra-2025-04-02-as-15.18.14-150x107.png 150w\" \/>\t\t\t\t<\/a>\n\t\t\t\t<div class=\"wd-portfolio-btns\">\n\t\t\t\t\t<div class=\"portfolio-enlarge wd-action-btn wd-style-icon wd-enlarge-icon wd-tltp wd-tltp-left\">\n\t\t\t\t\t\t<a href=\"https:\/\/oikos.pt\/wp-content\/uploads\/2025\/04\/Captura-de-ecra-2025-04-02-as-15.18.14.png\" data-elementor-open-lightbox=\"no\">View Large<\/a>\n\t\t\t\t\t<\/div>\n\t\t\t\t\t\t\t\t\t\t\t<div class=\"social-icons-wrapper wd-action-btn wd-style-icon wd-share-icon wd-tltp wd-tltp-left\">\n\t\t\t\t\t\t\t<a><\/a>\n\t\t\t\t\t\t\t<div class=\"wd-tooltip-label\">\n\t\t\t\t\t\t\t\t\n\t\t\t<div class=\" wd-social-icons icons-design-default icons-size-small color-scheme-light social-share social-form-circle text-center\">\n\n\t\t\t\t\n\t\t\t\t\t\t\t\t\t<a rel=\"noopener noreferrer nofollow\" href=\"https:\/\/www.facebook.com\/sharer\/sharer.php?u=https:\/\/oikos.pt\/mocambique\/3b64\/\" target=\"_blank\" class=\" wd-social-icon social-facebook\" aria-label=\"Facebook social link\">\n\t\t\t\t\t\t<span class=\"wd-icon\"><\/span>\n\t\t\t\t\t\t\t\t\t\t\t<\/a>\n\t\t\t\t\n\t\t\t\t\t\t\t\t\t<a rel=\"noopener noreferrer nofollow\" href=\"https:\/\/twitter.com\/share?url=https:\/\/oikos.pt\/mocambique\/3b64\/\" target=\"_blank\" class=\" wd-social-icon social-twitter\" aria-label=\"Twitter social link\">\n\t\t\t\t\t\t<span class=\"wd-icon\"><\/span>\n\t\t\t\t\t\t\t\t\t\t\t<\/a>\n\t\t\t\t\n\t\t\t\t\n\t\t\t\t\n\t\t\t\t\n\t\t\t\t\n\t\t\t\t\n\t\t\t\t\t\t\t\t\t<a rel=\"noopener noreferrer nofollow\" href=\"https:\/\/www.linkedin.com\/shareArticle?mini=true&url=https:\/\/oikos.pt\/mocambique\/3b64\/\" target=\"_blank\" class=\" wd-social-icon social-linkedin\" aria-label=\"Linkedin social link\">\n\t\t\t\t\t\t<span class=\"wd-icon\"><\/span>\n\t\t\t\t\t\t\t\t\t\t\t<\/a>\n\t\t\t\t\n\t\t\t\t\n\t\t\t\t\n\t\t\t\t\n\t\t\t\t\n\t\t\t\t\n\t\t\t\t\n\t\t\t\t\n\t\t\t\t\n\t\t\t\t\n\t\t\t\t\t\t\t\t\n\t\t\t\t\t\t\t\t\n\t\t\t\t\n\t\t\t\t\n\t\t\t\t\t\t\t\t\n\t\t\t\t\n\t\t\t<\/div>\n\n\t\t\t\t\t\t\t\t\t<\/div>\n\t\t\t\t\t\t<\/div>\n\t\t\t\t\t\t\t\t\t<\/div>\n\t\t\t<\/figure>\n\t\t\n\t\t<div class=\"portfolio-info\">\n\t\t\t\t\t\t\t<div class=\"wrap-meta\">\n\t\t\t\t\t<ul class=\"proj-cats-list\">\n\t\t\t\t\t\t\t\t\t\t\t\t\t\t\t\t\t\t\t\t<li>Acesso aos Servi\u00e7os Sociais B\u00e1sicos<\/li>\n\t\t\t\t\t\t\t\t\t\t\t\t\t\t\t\t\t\t\t\t<li>Seguran\u00e7a Alimentar e Economia Local<\/li>\n\t\t\t\t\t\t\t\t\t\t\t<\/ul>\n\t\t\t\t<\/div>\n\t\t\t\n\t\t\t<div class=\"wrap-title\">\n\t\t\t\t<h3 class=\"wd-entities-title\">\n\t\t\t\t\t<a href=\"https:\/\/oikos.pt\/mocambique\/3b64\/\" rel=\"bookmark\">Assegurar meios de vida para as fam\u00edlias do reassentamento de Mandruzi<\/a>\n\t\t\t\t<\/h3>\n\t\t\t<\/div>\n\t\t<\/div>\n\t<\/header>\n<\/article>\n\t\t\t\t\t\t\t\t\n<article id=\"post-27866\" class=\"portfolio-entry  col-lg-4 col-md-4 col-sm-6 col-12 portfolio-single masonry-item proj-cat-seguranca-alimentar-e-economia-local portfolio-text-shown post-27866 portfolio type-portfolio status-publish has-post-thumbnail hentry project-cat-seguranca-alimentar-e-economia-local tax_setor-desenvolvimento-da-economia-local tax_setor-seguranca-alimentar tax_estado-projetos-concluidos tax_regiao-angola\">\n\t<header class=\"entry-header\">\n\t\t\t\t\t<figure class=\"entry-thumbnail color-scheme-light\">\n\t\t\t\t<a href=\"https:\/\/oikos.pt\/angola\/3a55\/\" class=\"portfolio-thumbnail\">\n\t\t\t\t\t<img width=\"1200\" height=\"800\" src=\"https:\/\/oikos.pt\/wp-content\/themes\/woodmart\/images\/lazy.png\" class=\"attachment-large size-large wd-lazy-load wd-lazy-fade\" alt=\"\" decoding=\"async\" srcset=\"\" sizes=\"(max-width: 1200px) 100vw, 1200px\" data-wood-src=\"https:\/\/oikos.pt\/wp-content\/uploads\/2012\/02\/Malanje_Angola5-1200x800.jpg\" data-srcset=\"https:\/\/oikos.pt\/wp-content\/uploads\/2012\/02\/Malanje_Angola5-1200x800.jpg 1200w, https:\/\/oikos.pt\/wp-content\/uploads\/2012\/02\/Malanje_Angola5-400x267.jpg 400w, https:\/\/oikos.pt\/wp-content\/uploads\/2012\/02\/Malanje_Angola5-768x512.jpg 768w, https:\/\/oikos.pt\/wp-content\/uploads\/2012\/02\/Malanje_Angola5-1536x1024.jpg 1536w, https:\/\/oikos.pt\/wp-content\/uploads\/2012\/02\/Malanje_Angola5-2048x1365.jpg 2048w, https:\/\/oikos.pt\/wp-content\/uploads\/2012\/02\/Malanje_Angola5-860x573.jpg 860w, https:\/\/oikos.pt\/wp-content\/uploads\/2012\/02\/Malanje_Angola5-430x287.jpg 430w, https:\/\/oikos.pt\/wp-content\/uploads\/2012\/02\/Malanje_Angola5-700x467.jpg 700w, https:\/\/oikos.pt\/wp-content\/uploads\/2012\/02\/Malanje_Angola5-150x100.jpg 150w\" \/>\t\t\t\t<\/a>\n\t\t\t\t<div class=\"wd-portfolio-btns\">\n\t\t\t\t\t<div class=\"portfolio-enlarge wd-action-btn wd-style-icon wd-enlarge-icon wd-tltp wd-tltp-left\">\n\t\t\t\t\t\t<a href=\"https:\/\/oikos.pt\/wp-content\/uploads\/2012\/02\/Malanje_Angola5-scaled.jpg\" data-elementor-open-lightbox=\"no\">View Large<\/a>\n\t\t\t\t\t<\/div>\n\t\t\t\t\t\t\t\t\t\t\t<div class=\"social-icons-wrapper wd-action-btn wd-style-icon wd-share-icon wd-tltp wd-tltp-left\">\n\t\t\t\t\t\t\t<a><\/a>\n\t\t\t\t\t\t\t<div class=\"wd-tooltip-label\">\n\t\t\t\t\t\t\t\t\n\t\t\t<div class=\" wd-social-icons icons-design-default icons-size-small color-scheme-light social-share social-form-circle text-center\">\n\n\t\t\t\t\n\t\t\t\t\t\t\t\t\t<a rel=\"noopener noreferrer nofollow\" href=\"https:\/\/www.facebook.com\/sharer\/sharer.php?u=https:\/\/oikos.pt\/angola\/3a55\/\" target=\"_blank\" class=\" wd-social-icon social-facebook\" aria-label=\"Facebook social link\">\n\t\t\t\t\t\t<span class=\"wd-icon\"><\/span>\n\t\t\t\t\t\t\t\t\t\t\t<\/a>\n\t\t\t\t\n\t\t\t\t\t\t\t\t\t<a rel=\"noopener noreferrer nofollow\" href=\"https:\/\/twitter.com\/share?url=https:\/\/oikos.pt\/angola\/3a55\/\" target=\"_blank\" class=\" wd-social-icon social-twitter\" aria-label=\"Twitter social link\">\n\t\t\t\t\t\t<span class=\"wd-icon\"><\/span>\n\t\t\t\t\t\t\t\t\t\t\t<\/a>\n\t\t\t\t\n\t\t\t\t\n\t\t\t\t\n\t\t\t\t\n\t\t\t\t\n\t\t\t\t\n\t\t\t\t\t\t\t\t\t<a rel=\"noopener noreferrer nofollow\" href=\"https:\/\/www.linkedin.com\/shareArticle?mini=true&url=https:\/\/oikos.pt\/angola\/3a55\/\" target=\"_blank\" class=\" wd-social-icon social-linkedin\" aria-label=\"Linkedin social link\">\n\t\t\t\t\t\t<span class=\"wd-icon\"><\/span>\n\t\t\t\t\t\t\t\t\t\t\t<\/a>\n\t\t\t\t\n\t\t\t\t\n\t\t\t\t\n\t\t\t\t\n\t\t\t\t\n\t\t\t\t\n\t\t\t\t\n\t\t\t\t\n\t\t\t\t\n\t\t\t\t\n\t\t\t\t\t\t\t\t\n\t\t\t\t\t\t\t\t\n\t\t\t\t\n\t\t\t\t\n\t\t\t\t\t\t\t\t\n\t\t\t\t\n\t\t\t<\/div>\n\n\t\t\t\t\t\t\t\t\t<\/div>\n\t\t\t\t\t\t<\/div>\n\t\t\t\t\t\t\t\t\t<\/div>\n\t\t\t<\/figure>\n\t\t\n\t\t<div class=\"portfolio-info\">\n\t\t\t\t\t\t\t<div class=\"wrap-meta\">\n\t\t\t\t\t<ul class=\"proj-cats-list\">\n\t\t\t\t\t\t\t\t\t\t\t\t\t\t\t\t\t\t\t\t<li>Seguran\u00e7a Alimentar e Economia Local<\/li>\n\t\t\t\t\t\t\t\t\t\t\t<\/ul>\n\t\t\t\t<\/div>\n\t\t\t\n\t\t\t<div class=\"wrap-title\">\n\t\t\t\t<h3 class=\"wd-entities-title\">\n\t\t\t\t\t<a href=\"https:\/\/oikos.pt\/angola\/3a55\/\" rel=\"bookmark\">Apoio na revitaliza\u00e7\u00e3o econ\u00f3mica das fam\u00edlias em 15 comunidades do Munic\u00edpio de Quipungo<\/a>\n\t\t\t\t<\/h3>\n\t\t\t<\/div>\n\t\t<\/div>\n\t<\/header>\n<\/article>\n\t\t\t\t\t\t\t\t\n<article id=\"post-37394\" class=\"portfolio-entry  col-lg-4 col-md-4 col-sm-6 col-12 portfolio-single masonry-item proj-cat-acesso-aos-servicos-sociais-basicos proj-cat-seguranca-alimentar-e-economia-local portfolio-text-shown post-37394 portfolio type-portfolio status-publish has-post-thumbnail hentry project-cat-acesso-aos-servicos-sociais-basicos project-cat-seguranca-alimentar-e-economia-local tax_setor-abrigo-e-infraestruturas tax_setor-agua-e-saneamento tax_setor-desenvolvimento-da-economia-local tax_setor-meios-de-subsistencia tax_setor-seguranca-alimentar tax_estado-projetos-em-curso tax_regiao-mocambique\">\n\t<header class=\"entry-header\">\n\t\t\t\t\t<figure class=\"entry-thumbnail color-scheme-light\">\n\t\t\t\t<a href=\"https:\/\/oikos.pt\/mocambique\/mz004\/\" class=\"portfolio-thumbnail\">\n\t\t\t\t\t<img width=\"1200\" height=\"800\" src=\"https:\/\/oikos.pt\/wp-content\/themes\/woodmart\/images\/lazy.png\" class=\"attachment-large size-large wd-lazy-load wd-lazy-fade\" alt=\"\" decoding=\"async\" srcset=\"\" sizes=\"(max-width: 1200px) 100vw, 1200px\" data-wood-src=\"https:\/\/oikos.pt\/wp-content\/uploads\/2025\/11\/IMG_3089-1200x800.jpg\" data-srcset=\"https:\/\/oikos.pt\/wp-content\/uploads\/2025\/11\/IMG_3089-1200x800.jpg 1200w, https:\/\/oikos.pt\/wp-content\/uploads\/2025\/11\/IMG_3089-400x267.jpg 400w, https:\/\/oikos.pt\/wp-content\/uploads\/2025\/11\/IMG_3089-768x512.jpg 768w, https:\/\/oikos.pt\/wp-content\/uploads\/2025\/11\/IMG_3089-1536x1024.jpg 1536w, https:\/\/oikos.pt\/wp-content\/uploads\/2025\/11\/IMG_3089-2048x1365.jpg 2048w, https:\/\/oikos.pt\/wp-content\/uploads\/2025\/11\/IMG_3089-860x573.jpg 860w, https:\/\/oikos.pt\/wp-content\/uploads\/2025\/11\/IMG_3089-430x287.jpg 430w, https:\/\/oikos.pt\/wp-content\/uploads\/2025\/11\/IMG_3089-700x467.jpg 700w, https:\/\/oikos.pt\/wp-content\/uploads\/2025\/11\/IMG_3089-150x100.jpg 150w\" \/>\t\t\t\t<\/a>\n\t\t\t\t<div class=\"wd-portfolio-btns\">\n\t\t\t\t\t<div class=\"portfolio-enlarge wd-action-btn wd-style-icon wd-enlarge-icon wd-tltp wd-tltp-left\">\n\t\t\t\t\t\t<a href=\"https:\/\/oikos.pt\/wp-content\/uploads\/2025\/11\/IMG_3089-scaled.jpg\" data-elementor-open-lightbox=\"no\">View Large<\/a>\n\t\t\t\t\t<\/div>\n\t\t\t\t\t\t\t\t\t\t\t<div class=\"social-icons-wrapper wd-action-btn wd-style-icon wd-share-icon wd-tltp wd-tltp-left\">\n\t\t\t\t\t\t\t<a><\/a>\n\t\t\t\t\t\t\t<div class=\"wd-tooltip-label\">\n\t\t\t\t\t\t\t\t\n\t\t\t<div class=\" wd-social-icons icons-design-default icons-size-small color-scheme-light social-share social-form-circle text-center\">\n\n\t\t\t\t\n\t\t\t\t\t\t\t\t\t<a rel=\"noopener noreferrer nofollow\" href=\"https:\/\/www.facebook.com\/sharer\/sharer.php?u=https:\/\/oikos.pt\/mocambique\/mz004\/\" target=\"_blank\" class=\" wd-social-icon social-facebook\" aria-label=\"Facebook social link\">\n\t\t\t\t\t\t<span class=\"wd-icon\"><\/span>\n\t\t\t\t\t\t\t\t\t\t\t<\/a>\n\t\t\t\t\n\t\t\t\t\t\t\t\t\t<a rel=\"noopener noreferrer nofollow\" href=\"https:\/\/twitter.com\/share?url=https:\/\/oikos.pt\/mocambique\/mz004\/\" target=\"_blank\" class=\" wd-social-icon social-twitter\" aria-label=\"Twitter social link\">\n\t\t\t\t\t\t<span class=\"wd-icon\"><\/span>\n\t\t\t\t\t\t\t\t\t\t\t<\/a>\n\t\t\t\t\n\t\t\t\t\n\t\t\t\t\n\t\t\t\t\n\t\t\t\t\n\t\t\t\t\n\t\t\t\t\t\t\t\t\t<a rel=\"noopener noreferrer nofollow\" href=\"https:\/\/www.linkedin.com\/shareArticle?mini=true&url=https:\/\/oikos.pt\/mocambique\/mz004\/\" target=\"_blank\" class=\" wd-social-icon social-linkedin\" aria-label=\"Linkedin social link\">\n\t\t\t\t\t\t<span class=\"wd-icon\"><\/span>\n\t\t\t\t\t\t\t\t\t\t\t<\/a>\n\t\t\t\t\n\t\t\t\t\n\t\t\t\t\n\t\t\t\t\n\t\t\t\t\n\t\t\t\t\n\t\t\t\t\n\t\t\t\t\n\t\t\t\t\n\t\t\t\t\n\t\t\t\t\t\t\t\t\n\t\t\t\t\t\t\t\t\n\t\t\t\t\n\t\t\t\t\n\t\t\t\t\t\t\t\t\n\t\t\t\t\n\t\t\t<\/div>\n\n\t\t\t\t\t\t\t\t\t<\/div>\n\t\t\t\t\t\t<\/div>\n\t\t\t\t\t\t\t\t\t<\/div>\n\t\t\t<\/figure>\n\t\t\n\t\t<div class=\"portfolio-info\">\n\t\t\t\t\t\t\t<div class=\"wrap-meta\">\n\t\t\t\t\t<ul class=\"proj-cats-list\">\n\t\t\t\t\t\t\t\t\t\t\t\t\t\t\t\t\t\t\t\t<li>Acesso aos Servi\u00e7os Sociais B\u00e1sicos<\/li>\n\t\t\t\t\t\t\t\t\t\t\t\t\t\t\t\t\t\t\t\t<li>Seguran\u00e7a Alimentar e Economia Local<\/li>\n\t\t\t\t\t\t\t\t\t\t\t<\/ul>\n\t\t\t\t<\/div>\n\t\t\t\n\t\t\t<div class=\"wrap-title\">\n\t\t\t\t<h3 class=\"wd-entities-title\">\n\t\t\t\t\t<a href=\"https:\/\/oikos.pt\/mocambique\/mz004\/\" rel=\"bookmark\">Apoio de Emerg\u00eancia e recupera\u00e7\u00e3o de meios de vida para fam\u00edlias deslocadas no distrito de Chiure, prov\u00edncia de Cabo Delgado<\/a>\n\t\t\t\t<\/h3>\n\t\t\t<\/div>\n\t\t<\/div>\n\t<\/header>\n<\/article>\n\t\t\t\t\t\t\t\t\n<article id=\"post-2754\" class=\"portfolio-entry  col-lg-4 col-md-4 col-sm-6 col-12 portfolio-single masonry-item proj-cat-acesso-aos-servicos-sociais-basicos proj-cat-seguranca-alimentar-e-economia-local portfolio-text-shown post-2754 portfolio type-portfolio status-publish has-post-thumbnail hentry project-cat-acesso-aos-servicos-sociais-basicos project-cat-seguranca-alimentar-e-economia-local tax_setor-abrigo-e-infraestruturas tax_setor-espaco-civico-e-direitos-humanos tax_setor-seguranca-alimentar tax_estado-projetos-concluidos tax_regiao-mocambique\">\n\t<header class=\"entry-header\">\n\t\t\t\t\t<figure class=\"entry-thumbnail color-scheme-light\">\n\t\t\t\t<a href=\"https:\/\/oikos.pt\/mocambique\/3b55\/\" class=\"portfolio-thumbnail\">\n\t\t\t\t\t<img width=\"1300\" height=\"473\" src=\"https:\/\/oikos.pt\/wp-content\/themes\/woodmart\/images\/lazy.png\" class=\"attachment-large size-large wd-lazy-load wd-lazy-fade\" alt=\"3b55\" decoding=\"async\" srcset=\"\" sizes=\"(max-width: 1300px) 100vw, 1300px\" data-wood-src=\"https:\/\/oikos.pt\/wp-content\/uploads\/2022\/11\/images_3b55-1300x473.png\" data-srcset=\"https:\/\/oikos.pt\/wp-content\/uploads\/2022\/11\/images_3b55-1300x473.png 1300w, https:\/\/oikos.pt\/wp-content\/uploads\/2022\/11\/images_3b55-400x146.png 400w, https:\/\/oikos.pt\/wp-content\/uploads\/2022\/11\/images_3b55-768x279.png 768w, https:\/\/oikos.pt\/wp-content\/uploads\/2022\/11\/images_3b55-1536x559.png 1536w, https:\/\/oikos.pt\/wp-content\/uploads\/2022\/11\/images_3b55-860x313.png 860w, https:\/\/oikos.pt\/wp-content\/uploads\/2022\/11\/images_3b55-430x156.png 430w, https:\/\/oikos.pt\/wp-content\/uploads\/2022\/11\/images_3b55-700x255.png 700w, https:\/\/oikos.pt\/wp-content\/uploads\/2022\/11\/images_3b55-150x55.png 150w, https:\/\/oikos.pt\/wp-content\/uploads\/2022\/11\/images_3b55.png 1968w\" \/>\t\t\t\t<\/a>\n\t\t\t\t<div class=\"wd-portfolio-btns\">\n\t\t\t\t\t<div class=\"portfolio-enlarge wd-action-btn wd-style-icon wd-enlarge-icon wd-tltp wd-tltp-left\">\n\t\t\t\t\t\t<a href=\"https:\/\/oikos.pt\/wp-content\/uploads\/2022\/11\/images_3b55.png\" data-elementor-open-lightbox=\"no\">View Large<\/a>\n\t\t\t\t\t<\/div>\n\t\t\t\t\t\t\t\t\t\t\t<div class=\"social-icons-wrapper wd-action-btn wd-style-icon wd-share-icon wd-tltp wd-tltp-left\">\n\t\t\t\t\t\t\t<a><\/a>\n\t\t\t\t\t\t\t<div class=\"wd-tooltip-label\">\n\t\t\t\t\t\t\t\t\n\t\t\t<div class=\" wd-social-icons icons-design-default icons-size-small color-scheme-light social-share social-form-circle text-center\">\n\n\t\t\t\t\n\t\t\t\t\t\t\t\t\t<a rel=\"noopener noreferrer nofollow\" href=\"https:\/\/www.facebook.com\/sharer\/sharer.php?u=https:\/\/oikos.pt\/mocambique\/3b55\/\" target=\"_blank\" class=\" wd-social-icon social-facebook\" aria-label=\"Facebook social link\">\n\t\t\t\t\t\t<span class=\"wd-icon\"><\/span>\n\t\t\t\t\t\t\t\t\t\t\t<\/a>\n\t\t\t\t\n\t\t\t\t\t\t\t\t\t<a rel=\"noopener noreferrer nofollow\" href=\"https:\/\/twitter.com\/share?url=https:\/\/oikos.pt\/mocambique\/3b55\/\" target=\"_blank\" class=\" wd-social-icon social-twitter\" aria-label=\"Twitter social link\">\n\t\t\t\t\t\t<span class=\"wd-icon\"><\/span>\n\t\t\t\t\t\t\t\t\t\t\t<\/a>\n\t\t\t\t\n\t\t\t\t\n\t\t\t\t\n\t\t\t\t\n\t\t\t\t\n\t\t\t\t\n\t\t\t\t\t\t\t\t\t<a rel=\"noopener noreferrer nofollow\" href=\"https:\/\/www.linkedin.com\/shareArticle?mini=true&url=https:\/\/oikos.pt\/mocambique\/3b55\/\" target=\"_blank\" class=\" wd-social-icon social-linkedin\" aria-label=\"Linkedin social link\">\n\t\t\t\t\t\t<span class=\"wd-icon\"><\/span>\n\t\t\t\t\t\t\t\t\t\t\t<\/a>\n\t\t\t\t\n\t\t\t\t\n\t\t\t\t\n\t\t\t\t\n\t\t\t\t\n\t\t\t\t\n\t\t\t\t\n\t\t\t\t\n\t\t\t\t\n\t\t\t\t\n\t\t\t\t\t\t\t\t\n\t\t\t\t\t\t\t\t\n\t\t\t\t\n\t\t\t\t\n\t\t\t\t\t\t\t\t\n\t\t\t\t\n\t\t\t<\/div>\n\n\t\t\t\t\t\t\t\t\t<\/div>\n\t\t\t\t\t\t<\/div>\n\t\t\t\t\t\t\t\t\t<\/div>\n\t\t\t<\/figure>\n\t\t\n\t\t<div class=\"portfolio-info\">\n\t\t\t\t\t\t\t<div class=\"wrap-meta\">\n\t\t\t\t\t<ul class=\"proj-cats-list\">\n\t\t\t\t\t\t\t\t\t\t\t\t\t\t\t\t\t\t\t\t<li>Acesso aos Servi\u00e7os Sociais B\u00e1sicos<\/li>\n\t\t\t\t\t\t\t\t\t\t\t\t\t\t\t\t\t\t\t\t<li>Seguran\u00e7a Alimentar e Economia Local<\/li>\n\t\t\t\t\t\t\t\t\t\t\t<\/ul>\n\t\t\t\t<\/div>\n\t\t\t\n\t\t\t<div class=\"wrap-title\">\n\t\t\t\t<h3 class=\"wd-entities-title\">\n\t\t\t\t\t<a href=\"https:\/\/oikos.pt\/mocambique\/3b55\/\" rel=\"bookmark\">Apoio de emerg\u00eancia \u00e0s pessoas deslocadas do conflito armado em Palma e fam\u00edlias de acolhimento<\/a>\n\t\t\t\t<\/h3>\n\t\t\t<\/div>\n\t\t<\/div>\n\t<\/header>\n<\/article>\n\t\t\t\t\t\t\t\t\n<article id=\"post-27858\" class=\"portfolio-entry  col-lg-4 col-md-4 col-sm-6 col-12 portfolio-single masonry-item proj-cat-acesso-aos-servicos-sociais-basicos proj-cat-seguranca-alimentar-e-economia-local portfolio-text-shown post-27858 portfolio type-portfolio status-publish has-post-thumbnail hentry project-cat-acesso-aos-servicos-sociais-basicos project-cat-seguranca-alimentar-e-economia-local tax_setor-agua-e-saneamento tax_setor-seguranca-alimentar tax_estado-projetos-concluidos tax_regiao-angola\">\n\t<header class=\"entry-header\">\n\t\t\t\t\t<figure class=\"entry-thumbnail color-scheme-light\">\n\t\t\t\t<a href=\"https:\/\/oikos.pt\/angola\/3a42\/\" class=\"portfolio-thumbnail\">\n\t\t\t\t\t<img width=\"881\" height=\"292\" src=\"https:\/\/oikos.pt\/wp-content\/themes\/woodmart\/images\/lazy.png\" class=\"attachment-large size-large wd-lazy-load wd-lazy-fade\" alt=\"\" decoding=\"async\" srcset=\"\" sizes=\"(max-width: 881px) 100vw, 881px\" data-wood-src=\"https:\/\/oikos.pt\/wp-content\/uploads\/2012\/02\/oikos8-e1694190376800.jpg\" data-srcset=\"https:\/\/oikos.pt\/wp-content\/uploads\/2012\/02\/oikos8-e1694190376800.jpg 881w, https:\/\/oikos.pt\/wp-content\/uploads\/2012\/02\/oikos8-e1694190376800-400x133.jpg 400w, https:\/\/oikos.pt\/wp-content\/uploads\/2012\/02\/oikos8-e1694190376800-768x255.jpg 768w, https:\/\/oikos.pt\/wp-content\/uploads\/2012\/02\/oikos8-e1694190376800-860x285.jpg 860w, https:\/\/oikos.pt\/wp-content\/uploads\/2012\/02\/oikos8-e1694190376800-430x143.jpg 430w, https:\/\/oikos.pt\/wp-content\/uploads\/2012\/02\/oikos8-e1694190376800-700x232.jpg 700w, https:\/\/oikos.pt\/wp-content\/uploads\/2012\/02\/oikos8-e1694190376800-150x50.jpg 150w\" \/>\t\t\t\t<\/a>\n\t\t\t\t<div class=\"wd-portfolio-btns\">\n\t\t\t\t\t<div class=\"portfolio-enlarge wd-action-btn wd-style-icon wd-enlarge-icon wd-tltp wd-tltp-left\">\n\t\t\t\t\t\t<a href=\"https:\/\/oikos.pt\/wp-content\/uploads\/2012\/02\/oikos8-e1694190376800.jpg\" data-elementor-open-lightbox=\"no\">View Large<\/a>\n\t\t\t\t\t<\/div>\n\t\t\t\t\t\t\t\t\t\t\t<div class=\"social-icons-wrapper wd-action-btn wd-style-icon wd-share-icon wd-tltp wd-tltp-left\">\n\t\t\t\t\t\t\t<a><\/a>\n\t\t\t\t\t\t\t<div class=\"wd-tooltip-label\">\n\t\t\t\t\t\t\t\t\n\t\t\t<div class=\" wd-social-icons icons-design-default icons-size-small color-scheme-light social-share social-form-circle text-center\">\n\n\t\t\t\t\n\t\t\t\t\t\t\t\t\t<a rel=\"noopener noreferrer nofollow\" href=\"https:\/\/www.facebook.com\/sharer\/sharer.php?u=https:\/\/oikos.pt\/angola\/3a42\/\" target=\"_blank\" class=\" wd-social-icon social-facebook\" aria-label=\"Facebook social link\">\n\t\t\t\t\t\t<span class=\"wd-icon\"><\/span>\n\t\t\t\t\t\t\t\t\t\t\t<\/a>\n\t\t\t\t\n\t\t\t\t\t\t\t\t\t<a rel=\"noopener noreferrer nofollow\" href=\"https:\/\/twitter.com\/share?url=https:\/\/oikos.pt\/angola\/3a42\/\" target=\"_blank\" class=\" wd-social-icon social-twitter\" aria-label=\"Twitter social link\">\n\t\t\t\t\t\t<span class=\"wd-icon\"><\/span>\n\t\t\t\t\t\t\t\t\t\t\t<\/a>\n\t\t\t\t\n\t\t\t\t\n\t\t\t\t\n\t\t\t\t\n\t\t\t\t\n\t\t\t\t\n\t\t\t\t\t\t\t\t\t<a rel=\"noopener noreferrer nofollow\" href=\"https:\/\/www.linkedin.com\/shareArticle?mini=true&url=https:\/\/oikos.pt\/angola\/3a42\/\" target=\"_blank\" class=\" wd-social-icon social-linkedin\" aria-label=\"Linkedin social link\">\n\t\t\t\t\t\t<span class=\"wd-icon\"><\/span>\n\t\t\t\t\t\t\t\t\t\t\t<\/a>\n\t\t\t\t\n\t\t\t\t\n\t\t\t\t\n\t\t\t\t\n\t\t\t\t\n\t\t\t\t\n\t\t\t\t\n\t\t\t\t\n\t\t\t\t\n\t\t\t\t\n\t\t\t\t\t\t\t\t\n\t\t\t\t\t\t\t\t\n\t\t\t\t\n\t\t\t\t\n\t\t\t\t\t\t\t\t\n\t\t\t\t\n\t\t\t<\/div>\n\n\t\t\t\t\t\t\t\t\t<\/div>\n\t\t\t\t\t\t<\/div>\n\t\t\t\t\t\t\t\t\t<\/div>\n\t\t\t<\/figure>\n\t\t\n\t\t<div class=\"portfolio-info\">\n\t\t\t\t\t\t\t<div class=\"wrap-meta\">\n\t\t\t\t\t<ul class=\"proj-cats-list\">\n\t\t\t\t\t\t\t\t\t\t\t\t\t\t\t\t\t\t\t\t<li>Acesso aos Servi\u00e7os Sociais B\u00e1sicos<\/li>\n\t\t\t\t\t\t\t\t\t\t\t\t\t\t\t\t\t\t\t\t<li>Seguran\u00e7a Alimentar e Economia Local<\/li>\n\t\t\t\t\t\t\t\t\t\t\t<\/ul>\n\t\t\t\t<\/div>\n\t\t\t\n\t\t\t<div class=\"wrap-title\">\n\t\t\t\t<h3 class=\"wd-entities-title\">\n\t\t\t\t\t<a href=\"https:\/\/oikos.pt\/angola\/3a42\/\" rel=\"bookmark\">Apoio \u00e0s Fam\u00edlias Deslocadas na Gabela<\/a>\n\t\t\t\t<\/h3>\n\t\t\t<\/div>\n\t\t<\/div>\n\t<\/header>\n<\/article>\n\t\t\t\t\t\t\t\t\n<article id=\"post-834\" class=\"portfolio-entry  col-lg-4 col-md-4 col-sm-6 col-12 portfolio-single masonry-item proj-cat-acesso-aos-servicos-sociais-basicos proj-cat-seguranca-alimentar-e-economia-local portfolio-text-shown post-834 portfolio type-portfolio status-publish has-post-thumbnail hentry project-cat-acesso-aos-servicos-sociais-basicos project-cat-seguranca-alimentar-e-economia-local tax_setor-agua-e-saneamento tax_setor-resiliencia-e-alteracoes-climaticas tax_setor-seguranca-alimentar tax_estado-projetos-concluidos tax_regiao-mocambique\">\n\t<header class=\"entry-header\">\n\t\t\t\t\t<figure class=\"entry-thumbnail color-scheme-light\">\n\t\t\t\t<a href=\"https:\/\/oikos.pt\/mocambique\/3b19\/\" class=\"portfolio-thumbnail\">\n\t\t\t\t\t<img width=\"1300\" height=\"726\" src=\"https:\/\/oikos.pt\/wp-content\/themes\/woodmart\/images\/lazy.png\" class=\"attachment-large size-large wd-lazy-load wd-lazy-fade\" alt=\"\" decoding=\"async\" srcset=\"\" sizes=\"(max-width: 1300px) 100vw, 1300px\" data-wood-src=\"https:\/\/oikos.pt\/wp-content\/uploads\/2020\/08\/grs-mocambique-1741-scaled-e1692367842183-1300x726.jpg\" data-srcset=\"https:\/\/oikos.pt\/wp-content\/uploads\/2020\/08\/grs-mocambique-1741-scaled-e1692367842183-1300x726.jpg 1300w, https:\/\/oikos.pt\/wp-content\/uploads\/2020\/08\/grs-mocambique-1741-scaled-e1692367842183-400x223.jpg 400w, https:\/\/oikos.pt\/wp-content\/uploads\/2020\/08\/grs-mocambique-1741-scaled-e1692367842183-768x429.jpg 768w, https:\/\/oikos.pt\/wp-content\/uploads\/2020\/08\/grs-mocambique-1741-scaled-e1692367842183-1536x857.jpg 1536w, https:\/\/oikos.pt\/wp-content\/uploads\/2020\/08\/grs-mocambique-1741-scaled-e1692367842183-2048x1143.jpg 2048w, https:\/\/oikos.pt\/wp-content\/uploads\/2020\/08\/grs-mocambique-1741-scaled-e1692367842183-860x480.jpg 860w, https:\/\/oikos.pt\/wp-content\/uploads\/2020\/08\/grs-mocambique-1741-scaled-e1692367842183-430x240.jpg 430w, https:\/\/oikos.pt\/wp-content\/uploads\/2020\/08\/grs-mocambique-1741-scaled-e1692367842183-700x391.jpg 700w, https:\/\/oikos.pt\/wp-content\/uploads\/2020\/08\/grs-mocambique-1741-scaled-e1692367842183-150x84.jpg 150w\" \/>\t\t\t\t<\/a>\n\t\t\t\t<div class=\"wd-portfolio-btns\">\n\t\t\t\t\t<div class=\"portfolio-enlarge wd-action-btn wd-style-icon wd-enlarge-icon wd-tltp wd-tltp-left\">\n\t\t\t\t\t\t<a href=\"https:\/\/oikos.pt\/wp-content\/uploads\/2020\/08\/grs-mocambique-1741-scaled-e1692367842183.jpg\" data-elementor-open-lightbox=\"no\">View Large<\/a>\n\t\t\t\t\t<\/div>\n\t\t\t\t\t\t\t\t\t\t\t<div class=\"social-icons-wrapper wd-action-btn wd-style-icon wd-share-icon wd-tltp wd-tltp-left\">\n\t\t\t\t\t\t\t<a><\/a>\n\t\t\t\t\t\t\t<div class=\"wd-tooltip-label\">\n\t\t\t\t\t\t\t\t\n\t\t\t<div class=\" wd-social-icons icons-design-default icons-size-small color-scheme-light social-share social-form-circle text-center\">\n\n\t\t\t\t\n\t\t\t\t\t\t\t\t\t<a rel=\"noopener noreferrer nofollow\" href=\"https:\/\/www.facebook.com\/sharer\/sharer.php?u=https:\/\/oikos.pt\/mocambique\/3b19\/\" target=\"_blank\" class=\" wd-social-icon social-facebook\" aria-label=\"Facebook social link\">\n\t\t\t\t\t\t<span class=\"wd-icon\"><\/span>\n\t\t\t\t\t\t\t\t\t\t\t<\/a>\n\t\t\t\t\n\t\t\t\t\t\t\t\t\t<a rel=\"noopener noreferrer nofollow\" href=\"https:\/\/twitter.com\/share?url=https:\/\/oikos.pt\/mocambique\/3b19\/\" target=\"_blank\" class=\" wd-social-icon social-twitter\" aria-label=\"Twitter social link\">\n\t\t\t\t\t\t<span class=\"wd-icon\"><\/span>\n\t\t\t\t\t\t\t\t\t\t\t<\/a>\n\t\t\t\t\n\t\t\t\t\n\t\t\t\t\n\t\t\t\t\n\t\t\t\t\n\t\t\t\t\n\t\t\t\t\t\t\t\t\t<a rel=\"noopener noreferrer nofollow\" href=\"https:\/\/www.linkedin.com\/shareArticle?mini=true&url=https:\/\/oikos.pt\/mocambique\/3b19\/\" target=\"_blank\" class=\" wd-social-icon social-linkedin\" aria-label=\"Linkedin social link\">\n\t\t\t\t\t\t<span class=\"wd-icon\"><\/span>\n\t\t\t\t\t\t\t\t\t\t\t<\/a>\n\t\t\t\t\n\t\t\t\t\n\t\t\t\t\n\t\t\t\t\n\t\t\t\t\n\t\t\t\t\n\t\t\t\t\n\t\t\t\t\n\t\t\t\t\n\t\t\t\t\n\t\t\t\t\t\t\t\t\n\t\t\t\t\t\t\t\t\n\t\t\t\t\n\t\t\t\t\n\t\t\t\t\t\t\t\t\n\t\t\t\t\n\t\t\t<\/div>\n\n\t\t\t\t\t\t\t\t\t<\/div>\n\t\t\t\t\t\t<\/div>\n\t\t\t\t\t\t\t\t\t<\/div>\n\t\t\t<\/figure>\n\t\t\n\t\t<div class=\"portfolio-info\">\n\t\t\t\t\t\t\t<div class=\"wrap-meta\">\n\t\t\t\t\t<ul class=\"proj-cats-list\">\n\t\t\t\t\t\t\t\t\t\t\t\t\t\t\t\t\t\t\t\t<li>Acesso aos Servi\u00e7os Sociais B\u00e1sicos<\/li>\n\t\t\t\t\t\t\t\t\t\t\t\t\t\t\t\t\t\t\t\t<li>Seguran\u00e7a Alimentar e Economia Local<\/li>\n\t\t\t\t\t\t\t\t\t\t\t<\/ul>\n\t\t\t\t<\/div>\n\t\t\t\n\t\t\t<div class=\"wrap-title\">\n\t\t\t\t<h3 class=\"wd-entities-title\">\n\t\t\t\t\t<a href=\"https:\/\/oikos.pt\/mocambique\/3b19\/\" rel=\"bookmark\">Apoio ao realojamento das popula\u00e7\u00f5es afectadas pelas cheias no Vale do Zambeze<\/a>\n\t\t\t\t<\/h3>\n\t\t\t<\/div>\n\t\t<\/div>\n\t<\/header>\n<\/article>\n\t\t\t\t\t\t\t\t\n<article id=\"post-1965\" class=\"portfolio-entry  col-lg-4 col-md-4 col-sm-6 col-12 portfolio-single masonry-item proj-cat-seguranca-alimentar-e-economia-local portfolio-text-shown post-1965 portfolio type-portfolio status-publish has-post-thumbnail hentry project-cat-seguranca-alimentar-e-economia-local tax_setor-desenvolvimento-da-economia-local tax_setor-seguranca-alimentar tax_estado-projetos-concluidos tax_regiao-mocambique\">\n\t<header class=\"entry-header\">\n\t\t\t\t\t<figure class=\"entry-thumbnail color-scheme-light\">\n\t\t\t\t<a href=\"https:\/\/oikos.pt\/mocambique\/3b37\/\" class=\"portfolio-thumbnail\">\n\t\t\t\t\t<img width=\"640\" height=\"277\" src=\"https:\/\/oikos.pt\/wp-content\/themes\/woodmart\/images\/lazy.png\" class=\"attachment-large size-large wd-lazy-load wd-lazy-fade\" alt=\"856\" decoding=\"async\" srcset=\"\" sizes=\"(max-width: 640px) 100vw, 640px\" data-wood-src=\"https:\/\/oikos.pt\/wp-content\/uploads\/2022\/11\/images_banners_projectos_856.jpg\" data-srcset=\"https:\/\/oikos.pt\/wp-content\/uploads\/2022\/11\/images_banners_projectos_856.jpg 640w, https:\/\/oikos.pt\/wp-content\/uploads\/2022\/11\/images_banners_projectos_856-400x173.jpg 400w, https:\/\/oikos.pt\/wp-content\/uploads\/2022\/11\/images_banners_projectos_856-430x186.jpg 430w, https:\/\/oikos.pt\/wp-content\/uploads\/2022\/11\/images_banners_projectos_856-150x65.jpg 150w\" \/>\t\t\t\t<\/a>\n\t\t\t\t<div class=\"wd-portfolio-btns\">\n\t\t\t\t\t<div class=\"portfolio-enlarge wd-action-btn wd-style-icon wd-enlarge-icon wd-tltp wd-tltp-left\">\n\t\t\t\t\t\t<a href=\"https:\/\/oikos.pt\/wp-content\/uploads\/2022\/11\/images_banners_projectos_856.jpg\" data-elementor-open-lightbox=\"no\">View Large<\/a>\n\t\t\t\t\t<\/div>\n\t\t\t\t\t\t\t\t\t\t\t<div class=\"social-icons-wrapper wd-action-btn wd-style-icon wd-share-icon wd-tltp wd-tltp-left\">\n\t\t\t\t\t\t\t<a><\/a>\n\t\t\t\t\t\t\t<div class=\"wd-tooltip-label\">\n\t\t\t\t\t\t\t\t\n\t\t\t<div class=\" wd-social-icons icons-design-default icons-size-small color-scheme-light social-share social-form-circle text-center\">\n\n\t\t\t\t\n\t\t\t\t\t\t\t\t\t<a rel=\"noopener noreferrer nofollow\" href=\"https:\/\/www.facebook.com\/sharer\/sharer.php?u=https:\/\/oikos.pt\/mocambique\/3b37\/\" target=\"_blank\" class=\" wd-social-icon social-facebook\" aria-label=\"Facebook social link\">\n\t\t\t\t\t\t<span class=\"wd-icon\"><\/span>\n\t\t\t\t\t\t\t\t\t\t\t<\/a>\n\t\t\t\t\n\t\t\t\t\t\t\t\t\t<a rel=\"noopener noreferrer nofollow\" href=\"https:\/\/twitter.com\/share?url=https:\/\/oikos.pt\/mocambique\/3b37\/\" target=\"_blank\" class=\" wd-social-icon social-twitter\" aria-label=\"Twitter social link\">\n\t\t\t\t\t\t<span class=\"wd-icon\"><\/span>\n\t\t\t\t\t\t\t\t\t\t\t<\/a>\n\t\t\t\t\n\t\t\t\t\n\t\t\t\t\n\t\t\t\t\n\t\t\t\t\n\t\t\t\t\n\t\t\t\t\t\t\t\t\t<a rel=\"noopener noreferrer nofollow\" href=\"https:\/\/www.linkedin.com\/shareArticle?mini=true&url=https:\/\/oikos.pt\/mocambique\/3b37\/\" target=\"_blank\" class=\" wd-social-icon social-linkedin\" aria-label=\"Linkedin social link\">\n\t\t\t\t\t\t<span class=\"wd-icon\"><\/span>\n\t\t\t\t\t\t\t\t\t\t\t<\/a>\n\t\t\t\t\n\t\t\t\t\n\t\t\t\t\n\t\t\t\t\n\t\t\t\t\n\t\t\t\t\n\t\t\t\t\n\t\t\t\t\n\t\t\t\t\n\t\t\t\t\n\t\t\t\t\t\t\t\t\n\t\t\t\t\t\t\t\t\n\t\t\t\t\n\t\t\t\t\n\t\t\t\t\t\t\t\t\n\t\t\t\t\n\t\t\t<\/div>\n\n\t\t\t\t\t\t\t\t\t<\/div>\n\t\t\t\t\t\t<\/div>\n\t\t\t\t\t\t\t\t\t<\/div>\n\t\t\t<\/figure>\n\t\t\n\t\t<div class=\"portfolio-info\">\n\t\t\t\t\t\t\t<div class=\"wrap-meta\">\n\t\t\t\t\t<ul class=\"proj-cats-list\">\n\t\t\t\t\t\t\t\t\t\t\t\t\t\t\t\t\t\t\t\t<li>Seguran\u00e7a Alimentar e Economia Local<\/li>\n\t\t\t\t\t\t\t\t\t\t\t<\/ul>\n\t\t\t\t<\/div>\n\t\t\t\n\t\t\t<div class=\"wrap-title\">\n\t\t\t\t<h3 class=\"wd-entities-title\">\n\t\t\t\t\t<a href=\"https:\/\/oikos.pt\/mocambique\/3b37\/\" rel=\"bookmark\">Apoio ao Programa Nacional de Extens\u00e3o Agr\u00e1ria<\/a>\n\t\t\t\t<\/h3>\n\t\t\t<\/div>\n\t\t<\/div>\n\t<\/header>\n<\/article>\n\t\t\t\t\t\t\t\t\n<article id=\"post-1781\" class=\"portfolio-entry  col-lg-4 col-md-4 col-sm-6 col-12 portfolio-single masonry-item proj-cat-seguranca-alimentar-e-economia-local portfolio-text-shown post-1781 portfolio type-portfolio status-publish has-post-thumbnail hentry project-cat-seguranca-alimentar-e-economia-local tax_setor-desenvolvimento-da-economia-local tax_setor-seguranca-alimentar tax_estado-projetos-concluidos tax_regiao-nicaragua\">\n\t<header class=\"entry-header\">\n\t\t\t\t\t<figure class=\"entry-thumbnail color-scheme-light\">\n\t\t\t\t<a href=\"https:\/\/oikos.pt\/nicaragua\/5e05\/\" class=\"portfolio-thumbnail\">\n\t\t\t\t\t<img width=\"530\" height=\"250\" src=\"https:\/\/oikos.pt\/wp-content\/themes\/woodmart\/images\/lazy.png\" class=\"attachment-large size-large wd-lazy-load wd-lazy-fade\" alt=\"Nicaragua 5E05\" decoding=\"async\" srcset=\"\" sizes=\"(max-width: 530px) 100vw, 530px\" data-wood-src=\"https:\/\/oikos.pt\/wp-content\/uploads\/2022\/11\/images_banners_projectos_Nicaragua_5E05.jpg\" data-srcset=\"https:\/\/oikos.pt\/wp-content\/uploads\/2022\/11\/images_banners_projectos_Nicaragua_5E05.jpg 530w, https:\/\/oikos.pt\/wp-content\/uploads\/2022\/11\/images_banners_projectos_Nicaragua_5E05-400x189.jpg 400w, https:\/\/oikos.pt\/wp-content\/uploads\/2022\/11\/images_banners_projectos_Nicaragua_5E05-430x203.jpg 430w, https:\/\/oikos.pt\/wp-content\/uploads\/2022\/11\/images_banners_projectos_Nicaragua_5E05-150x71.jpg 150w\" \/>\t\t\t\t<\/a>\n\t\t\t\t<div class=\"wd-portfolio-btns\">\n\t\t\t\t\t<div class=\"portfolio-enlarge wd-action-btn wd-style-icon wd-enlarge-icon wd-tltp wd-tltp-left\">\n\t\t\t\t\t\t<a href=\"https:\/\/oikos.pt\/wp-content\/uploads\/2022\/11\/images_banners_projectos_Nicaragua_5E05.jpg\" data-elementor-open-lightbox=\"no\">View Large<\/a>\n\t\t\t\t\t<\/div>\n\t\t\t\t\t\t\t\t\t\t\t<div class=\"social-icons-wrapper wd-action-btn wd-style-icon wd-share-icon wd-tltp wd-tltp-left\">\n\t\t\t\t\t\t\t<a><\/a>\n\t\t\t\t\t\t\t<div class=\"wd-tooltip-label\">\n\t\t\t\t\t\t\t\t\n\t\t\t<div class=\" wd-social-icons icons-design-default icons-size-small color-scheme-light social-share social-form-circle text-center\">\n\n\t\t\t\t\n\t\t\t\t\t\t\t\t\t<a rel=\"noopener noreferrer nofollow\" href=\"https:\/\/www.facebook.com\/sharer\/sharer.php?u=https:\/\/oikos.pt\/nicaragua\/5e05\/\" target=\"_blank\" class=\" wd-social-icon social-facebook\" aria-label=\"Facebook social link\">\n\t\t\t\t\t\t<span class=\"wd-icon\"><\/span>\n\t\t\t\t\t\t\t\t\t\t\t<\/a>\n\t\t\t\t\n\t\t\t\t\t\t\t\t\t<a rel=\"noopener noreferrer nofollow\" href=\"https:\/\/twitter.com\/share?url=https:\/\/oikos.pt\/nicaragua\/5e05\/\" target=\"_blank\" class=\" wd-social-icon social-twitter\" aria-label=\"Twitter social link\">\n\t\t\t\t\t\t<span class=\"wd-icon\"><\/span>\n\t\t\t\t\t\t\t\t\t\t\t<\/a>\n\t\t\t\t\n\t\t\t\t\n\t\t\t\t\n\t\t\t\t\n\t\t\t\t\n\t\t\t\t\n\t\t\t\t\t\t\t\t\t<a rel=\"noopener noreferrer nofollow\" href=\"https:\/\/www.linkedin.com\/shareArticle?mini=true&url=https:\/\/oikos.pt\/nicaragua\/5e05\/\" target=\"_blank\" class=\" wd-social-icon social-linkedin\" aria-label=\"Linkedin social link\">\n\t\t\t\t\t\t<span class=\"wd-icon\"><\/span>\n\t\t\t\t\t\t\t\t\t\t\t<\/a>\n\t\t\t\t\n\t\t\t\t\n\t\t\t\t\n\t\t\t\t\n\t\t\t\t\n\t\t\t\t\n\t\t\t\t\n\t\t\t\t\n\t\t\t\t\n\t\t\t\t\n\t\t\t\t\t\t\t\t\n\t\t\t\t\t\t\t\t\n\t\t\t\t\n\t\t\t\t\n\t\t\t\t\t\t\t\t\n\t\t\t\t\n\t\t\t<\/div>\n\n\t\t\t\t\t\t\t\t\t<\/div>\n\t\t\t\t\t\t<\/div>\n\t\t\t\t\t\t\t\t\t<\/div>\n\t\t\t<\/figure>\n\t\t\n\t\t<div class=\"portfolio-info\">\n\t\t\t\t\t\t\t<div class=\"wrap-meta\">\n\t\t\t\t\t<ul class=\"proj-cats-list\">\n\t\t\t\t\t\t\t\t\t\t\t\t\t\t\t\t\t\t\t\t<li>Seguran\u00e7a Alimentar e Economia Local<\/li>\n\t\t\t\t\t\t\t\t\t\t\t<\/ul>\n\t\t\t\t<\/div>\n\t\t\t\n\t\t\t<div class=\"wrap-title\">\n\t\t\t\t<h3 class=\"wd-entities-title\">\n\t\t\t\t\t<a href=\"https:\/\/oikos.pt\/nicaragua\/5e05\/\" rel=\"bookmark\">Apoio ao processo de fitomelhoramento participativo de sementes crioulas de milho e feij\u00e3o nos munic\u00edpios de Candega e Pueblo Nuevo, Departamento de Estel\u00ed<\/a>\n\t\t\t\t<\/h3>\n\t\t\t<\/div>\n\t\t<\/div>\n\t<\/header>\n<\/article>\n\t\t\t\t\t\t\t\t\n<article id=\"post-2290\" class=\"portfolio-entry  col-lg-4 col-md-4 col-sm-6 col-12 portfolio-single masonry-item proj-cat-seguranca-alimentar-e-economia-local portfolio-text-shown post-2290 portfolio type-portfolio status-publish has-post-thumbnail hentry project-cat-seguranca-alimentar-e-economia-local tax_setor-desenvolvimento-da-economia-local tax_setor-seguranca-alimentar tax_estado-projetos-concluidos tax_regiao-mocambique\">\n\t<header class=\"entry-header\">\n\t\t\t\t\t<figure class=\"entry-thumbnail color-scheme-light\">\n\t\t\t\t<a href=\"https:\/\/oikos.pt\/mocambique\/3b39\/\" class=\"portfolio-thumbnail\">\n\t\t\t\t\t<img width=\"1300\" height=\"596\" src=\"https:\/\/oikos.pt\/wp-content\/themes\/woodmart\/images\/lazy.png\" class=\"attachment-large size-large wd-lazy-load wd-lazy-fade\" alt=\"\" decoding=\"async\" srcset=\"\" sizes=\"(max-width: 1300px) 100vw, 1300px\" data-wood-src=\"https:\/\/oikos.pt\/wp-content\/uploads\/2018\/03\/MGM0720-HDR-e1692373336226-1300x596.jpg\" data-srcset=\"https:\/\/oikos.pt\/wp-content\/uploads\/2018\/03\/MGM0720-HDR-e1692373336226-1300x596.jpg 1300w, https:\/\/oikos.pt\/wp-content\/uploads\/2018\/03\/MGM0720-HDR-e1692373336226-400x183.jpg 400w, https:\/\/oikos.pt\/wp-content\/uploads\/2018\/03\/MGM0720-HDR-e1692373336226-768x352.jpg 768w, https:\/\/oikos.pt\/wp-content\/uploads\/2018\/03\/MGM0720-HDR-e1692373336226-1536x704.jpg 1536w, https:\/\/oikos.pt\/wp-content\/uploads\/2018\/03\/MGM0720-HDR-e1692373336226-2048x939.jpg 2048w, https:\/\/oikos.pt\/wp-content\/uploads\/2018\/03\/MGM0720-HDR-e1692373336226-860x394.jpg 860w, https:\/\/oikos.pt\/wp-content\/uploads\/2018\/03\/MGM0720-HDR-e1692373336226-430x197.jpg 430w, https:\/\/oikos.pt\/wp-content\/uploads\/2018\/03\/MGM0720-HDR-e1692373336226-700x321.jpg 700w, https:\/\/oikos.pt\/wp-content\/uploads\/2018\/03\/MGM0720-HDR-e1692373336226-150x69.jpg 150w\" \/>\t\t\t\t<\/a>\n\t\t\t\t<div class=\"wd-portfolio-btns\">\n\t\t\t\t\t<div class=\"portfolio-enlarge wd-action-btn wd-style-icon wd-enlarge-icon wd-tltp wd-tltp-left\">\n\t\t\t\t\t\t<a href=\"https:\/\/oikos.pt\/wp-content\/uploads\/2018\/03\/MGM0720-HDR-e1692373336226.jpg\" data-elementor-open-lightbox=\"no\">View Large<\/a>\n\t\t\t\t\t<\/div>\n\t\t\t\t\t\t\t\t\t\t\t<div class=\"social-icons-wrapper wd-action-btn wd-style-icon wd-share-icon wd-tltp wd-tltp-left\">\n\t\t\t\t\t\t\t<a><\/a>\n\t\t\t\t\t\t\t<div class=\"wd-tooltip-label\">\n\t\t\t\t\t\t\t\t\n\t\t\t<div class=\" wd-social-icons icons-design-default icons-size-small color-scheme-light social-share social-form-circle text-center\">\n\n\t\t\t\t\n\t\t\t\t\t\t\t\t\t<a rel=\"noopener noreferrer nofollow\" href=\"https:\/\/www.facebook.com\/sharer\/sharer.php?u=https:\/\/oikos.pt\/mocambique\/3b39\/\" target=\"_blank\" class=\" wd-social-icon social-facebook\" aria-label=\"Facebook social link\">\n\t\t\t\t\t\t<span class=\"wd-icon\"><\/span>\n\t\t\t\t\t\t\t\t\t\t\t<\/a>\n\t\t\t\t\n\t\t\t\t\t\t\t\t\t<a rel=\"noopener noreferrer nofollow\" href=\"https:\/\/twitter.com\/share?url=https:\/\/oikos.pt\/mocambique\/3b39\/\" target=\"_blank\" class=\" wd-social-icon social-twitter\" aria-label=\"Twitter social link\">\n\t\t\t\t\t\t<span class=\"wd-icon\"><\/span>\n\t\t\t\t\t\t\t\t\t\t\t<\/a>\n\t\t\t\t\n\t\t\t\t\n\t\t\t\t\n\t\t\t\t\n\t\t\t\t\n\t\t\t\t\n\t\t\t\t\t\t\t\t\t<a rel=\"noopener noreferrer nofollow\" href=\"https:\/\/www.linkedin.com\/shareArticle?mini=true&url=https:\/\/oikos.pt\/mocambique\/3b39\/\" target=\"_blank\" class=\" wd-social-icon social-linkedin\" aria-label=\"Linkedin social link\">\n\t\t\t\t\t\t<span class=\"wd-icon\"><\/span>\n\t\t\t\t\t\t\t\t\t\t\t<\/a>\n\t\t\t\t\n\t\t\t\t\n\t\t\t\t\n\t\t\t\t\n\t\t\t\t\n\t\t\t\t\n\t\t\t\t\n\t\t\t\t\n\t\t\t\t\n\t\t\t\t\n\t\t\t\t\t\t\t\t\n\t\t\t\t\t\t\t\t\n\t\t\t\t\n\t\t\t\t\n\t\t\t\t\t\t\t\t\n\t\t\t\t\n\t\t\t<\/div>\n\n\t\t\t\t\t\t\t\t\t<\/div>\n\t\t\t\t\t\t<\/div>\n\t\t\t\t\t\t\t\t\t<\/div>\n\t\t\t<\/figure>\n\t\t\n\t\t<div class=\"portfolio-info\">\n\t\t\t\t\t\t\t<div class=\"wrap-meta\">\n\t\t\t\t\t<ul class=\"proj-cats-list\">\n\t\t\t\t\t\t\t\t\t\t\t\t\t\t\t\t\t\t\t\t<li>Seguran\u00e7a Alimentar e Economia Local<\/li>\n\t\t\t\t\t\t\t\t\t\t\t<\/ul>\n\t\t\t\t<\/div>\n\t\t\t\n\t\t\t<div class=\"wrap-title\">\n\t\t\t\t<h3 class=\"wd-entities-title\">\n\t\t\t\t\t<a href=\"https:\/\/oikos.pt\/mocambique\/3b39\/\" rel=\"bookmark\">Apoio ao Desenvolvimento de servi\u00e7os financeiros baseados na comunidade na Prov\u00edncia de Cabo Delgado<\/a>\n\t\t\t\t<\/h3>\n\t\t\t<\/div>\n\t\t<\/div>\n\t<\/header>\n<\/article>\n\t\t\t\t\t\t\t\t\n<article id=\"post-2379\" class=\"portfolio-entry  col-lg-4 col-md-4 col-sm-6 col-12 portfolio-single masonry-item proj-cat-seguranca-alimentar-e-economia-local portfolio-text-shown post-2379 portfolio type-portfolio status-publish has-post-thumbnail hentry project-cat-seguranca-alimentar-e-economia-local tax_setor-desenvolvimento-da-economia-local tax_setor-meios-de-subsistencia tax_setor-seguranca-alimentar tax_estado-projetos-concluidos tax_regiao-mocambique\">\n\t<header class=\"entry-header\">\n\t\t\t\t\t<figure class=\"entry-thumbnail color-scheme-light\">\n\t\t\t\t<a href=\"https:\/\/oikos.pt\/mocambique\/3b43\/\" class=\"portfolio-thumbnail\">\n\t\t\t\t\t<img width=\"1300\" height=\"765\" src=\"https:\/\/oikos.pt\/wp-content\/themes\/woodmart\/images\/lazy.png\" class=\"attachment-large size-large wd-lazy-load wd-lazy-fade\" alt=\"\" decoding=\"async\" srcset=\"\" sizes=\"(max-width: 1300px) 100vw, 1300px\" data-wood-src=\"https:\/\/oikos.pt\/wp-content\/uploads\/2019\/08\/Membros-do-CD-da-OP-19-de-Outubro-de-Massasse-na-Machamba-coletiva-da-OP-durante-a-Monitoria-as-OP\u00b4s-financiadas-pelo-C.-Comercial-Ltd-LCVPE-e1692359314828-1300x765.jpg\" data-srcset=\"https:\/\/oikos.pt\/wp-content\/uploads\/2019\/08\/Membros-do-CD-da-OP-19-de-Outubro-de-Massasse-na-Machamba-coletiva-da-OP-durante-a-Monitoria-as-OP\u00b4s-financiadas-pelo-C.-Comercial-Ltd-LCVPE-e1692359314828-1300x765.jpg 1300w, https:\/\/oikos.pt\/wp-content\/uploads\/2019\/08\/Membros-do-CD-da-OP-19-de-Outubro-de-Massasse-na-Machamba-coletiva-da-OP-durante-a-Monitoria-as-OP\u00b4s-financiadas-pelo-C.-Comercial-Ltd-LCVPE-e1692359314828-400x235.jpg 400w, https:\/\/oikos.pt\/wp-content\/uploads\/2019\/08\/Membros-do-CD-da-OP-19-de-Outubro-de-Massasse-na-Machamba-coletiva-da-OP-durante-a-Monitoria-as-OP\u00b4s-financiadas-pelo-C.-Comercial-Ltd-LCVPE-e1692359314828-768x452.jpg 768w, https:\/\/oikos.pt\/wp-content\/uploads\/2019\/08\/Membros-do-CD-da-OP-19-de-Outubro-de-Massasse-na-Machamba-coletiva-da-OP-durante-a-Monitoria-as-OP\u00b4s-financiadas-pelo-C.-Comercial-Ltd-LCVPE-e1692359314828-1536x904.jpg 1536w, https:\/\/oikos.pt\/wp-content\/uploads\/2019\/08\/Membros-do-CD-da-OP-19-de-Outubro-de-Massasse-na-Machamba-coletiva-da-OP-durante-a-Monitoria-as-OP\u00b4s-financiadas-pelo-C.-Comercial-Ltd-LCVPE-e1692359314828-2048x1205.jpg 2048w, https:\/\/oikos.pt\/wp-content\/uploads\/2019\/08\/Membros-do-CD-da-OP-19-de-Outubro-de-Massasse-na-Machamba-coletiva-da-OP-durante-a-Monitoria-as-OP\u00b4s-financiadas-pelo-C.-Comercial-Ltd-LCVPE-e1692359314828-860x506.jpg 860w, https:\/\/oikos.pt\/wp-content\/uploads\/2019\/08\/Membros-do-CD-da-OP-19-de-Outubro-de-Massasse-na-Machamba-coletiva-da-OP-durante-a-Monitoria-as-OP\u00b4s-financiadas-pelo-C.-Comercial-Ltd-LCVPE-e1692359314828-430x253.jpg 430w, https:\/\/oikos.pt\/wp-content\/uploads\/2019\/08\/Membros-do-CD-da-OP-19-de-Outubro-de-Massasse-na-Machamba-coletiva-da-OP-durante-a-Monitoria-as-OP\u00b4s-financiadas-pelo-C.-Comercial-Ltd-LCVPE-e1692359314828-700x412.jpg 700w, https:\/\/oikos.pt\/wp-content\/uploads\/2019\/08\/Membros-do-CD-da-OP-19-de-Outubro-de-Massasse-na-Machamba-coletiva-da-OP-durante-a-Monitoria-as-OP\u00b4s-financiadas-pelo-C.-Comercial-Ltd-LCVPE-e1692359314828-150x88.jpg 150w\" \/>\t\t\t\t<\/a>\n\t\t\t\t<div class=\"wd-portfolio-btns\">\n\t\t\t\t\t<div class=\"portfolio-enlarge wd-action-btn wd-style-icon wd-enlarge-icon wd-tltp wd-tltp-left\">\n\t\t\t\t\t\t<a href=\"https:\/\/oikos.pt\/wp-content\/uploads\/2019\/08\/Membros-do-CD-da-OP-19-de-Outubro-de-Massasse-na-Machamba-coletiva-da-OP-durante-a-Monitoria-as-OP\u00b4s-financiadas-pelo-C.-Comercial-Ltd-LCVPE-e1692359314828.jpg\" data-elementor-open-lightbox=\"no\">View Large<\/a>\n\t\t\t\t\t<\/div>\n\t\t\t\t\t\t\t\t\t\t\t<div class=\"social-icons-wrapper wd-action-btn wd-style-icon wd-share-icon wd-tltp wd-tltp-left\">\n\t\t\t\t\t\t\t<a><\/a>\n\t\t\t\t\t\t\t<div class=\"wd-tooltip-label\">\n\t\t\t\t\t\t\t\t\n\t\t\t<div class=\" wd-social-icons icons-design-default icons-size-small color-scheme-light social-share social-form-circle text-center\">\n\n\t\t\t\t\n\t\t\t\t\t\t\t\t\t<a rel=\"noopener noreferrer nofollow\" href=\"https:\/\/www.facebook.com\/sharer\/sharer.php?u=https:\/\/oikos.pt\/mocambique\/3b43\/\" target=\"_blank\" class=\" wd-social-icon social-facebook\" aria-label=\"Facebook social link\">\n\t\t\t\t\t\t<span class=\"wd-icon\"><\/span>\n\t\t\t\t\t\t\t\t\t\t\t<\/a>\n\t\t\t\t\n\t\t\t\t\t\t\t\t\t<a rel=\"noopener noreferrer nofollow\" href=\"https:\/\/twitter.com\/share?url=https:\/\/oikos.pt\/mocambique\/3b43\/\" target=\"_blank\" class=\" wd-social-icon social-twitter\" aria-label=\"Twitter social link\">\n\t\t\t\t\t\t<span class=\"wd-icon\"><\/span>\n\t\t\t\t\t\t\t\t\t\t\t<\/a>\n\t\t\t\t\n\t\t\t\t\n\t\t\t\t\n\t\t\t\t\n\t\t\t\t\n\t\t\t\t\n\t\t\t\t\t\t\t\t\t<a rel=\"noopener noreferrer nofollow\" href=\"https:\/\/www.linkedin.com\/shareArticle?mini=true&url=https:\/\/oikos.pt\/mocambique\/3b43\/\" target=\"_blank\" class=\" wd-social-icon social-linkedin\" aria-label=\"Linkedin social link\">\n\t\t\t\t\t\t<span class=\"wd-icon\"><\/span>\n\t\t\t\t\t\t\t\t\t\t\t<\/a>\n\t\t\t\t\n\t\t\t\t\n\t\t\t\t\n\t\t\t\t\n\t\t\t\t\n\t\t\t\t\n\t\t\t\t\n\t\t\t\t\n\t\t\t\t\n\t\t\t\t\n\t\t\t\t\t\t\t\t\n\t\t\t\t\t\t\t\t\n\t\t\t\t\n\t\t\t\t\n\t\t\t\t\t\t\t\t\n\t\t\t\t\n\t\t\t<\/div>\n\n\t\t\t\t\t\t\t\t\t<\/div>\n\t\t\t\t\t\t<\/div>\n\t\t\t\t\t\t\t\t\t<\/div>\n\t\t\t<\/figure>\n\t\t\n\t\t<div class=\"portfolio-info\">\n\t\t\t\t\t\t\t<div class=\"wrap-meta\">\n\t\t\t\t\t<ul class=\"proj-cats-list\">\n\t\t\t\t\t\t\t\t\t\t\t\t\t\t\t\t\t\t\t\t<li>Seguran\u00e7a Alimentar e Economia Local<\/li>\n\t\t\t\t\t\t\t\t\t\t\t<\/ul>\n\t\t\t\t<\/div>\n\t\t\t\n\t\t\t<div class=\"wrap-title\">\n\t\t\t\t<h3 class=\"wd-entities-title\">\n\t\t\t\t\t<a href=\"https:\/\/oikos.pt\/mocambique\/3b43\/\" rel=\"bookmark\">Apoio ao Desenvolvimento de Intermedi\u00e1rios de Mercado na Prov\u00edncia de Cabo Delgado PROMER &#8211; Fase III<\/a>\n\t\t\t\t<\/h3>\n\t\t\t<\/div>\n\t\t<\/div>\n\t<\/header>\n<\/article>\n\t\t\t\t\t\t\t\t\n<article id=\"post-2468\" class=\"portfolio-entry  col-lg-4 col-md-4 col-sm-6 col-12 portfolio-single masonry-item proj-cat-seguranca-alimentar-e-economia-local portfolio-text-shown post-2468 portfolio type-portfolio status-publish has-post-thumbnail hentry project-cat-seguranca-alimentar-e-economia-local tax_setor-meios-de-subsistencia tax_setor-resiliencia-e-alteracoes-climaticas tax_setor-seguranca-alimentar tax_estado-projetos-concluidos tax_regiao-mocambique\">\n\t<header class=\"entry-header\">\n\t\t\t\t\t<figure class=\"entry-thumbnail color-scheme-light\">\n\t\t\t\t<a href=\"https:\/\/oikos.pt\/mocambique\/3b49\/\" class=\"portfolio-thumbnail\">\n\t\t\t\t\t<img width=\"1280\" height=\"541\" src=\"https:\/\/oikos.pt\/wp-content\/themes\/woodmart\/images\/lazy.png\" class=\"attachment-large size-large wd-lazy-load wd-lazy-fade\" alt=\"3B49\" decoding=\"async\" srcset=\"\" sizes=\"(max-width: 1280px) 100vw, 1280px\" data-wood-src=\"https:\/\/oikos.pt\/wp-content\/uploads\/2022\/11\/images_3B49-e1692183421312.jpeg\" data-srcset=\"https:\/\/oikos.pt\/wp-content\/uploads\/2022\/11\/images_3B49-e1692183421312.jpeg 1280w, https:\/\/oikos.pt\/wp-content\/uploads\/2022\/11\/images_3B49-e1692183421312-400x169.jpeg 400w, https:\/\/oikos.pt\/wp-content\/uploads\/2022\/11\/images_3B49-e1692183421312-768x325.jpeg 768w, https:\/\/oikos.pt\/wp-content\/uploads\/2022\/11\/images_3B49-e1692183421312-860x363.jpeg 860w, https:\/\/oikos.pt\/wp-content\/uploads\/2022\/11\/images_3B49-e1692183421312-430x182.jpeg 430w, https:\/\/oikos.pt\/wp-content\/uploads\/2022\/11\/images_3B49-e1692183421312-700x296.jpeg 700w, https:\/\/oikos.pt\/wp-content\/uploads\/2022\/11\/images_3B49-e1692183421312-150x63.jpeg 150w\" \/>\t\t\t\t<\/a>\n\t\t\t\t<div class=\"wd-portfolio-btns\">\n\t\t\t\t\t<div class=\"portfolio-enlarge wd-action-btn wd-style-icon wd-enlarge-icon wd-tltp wd-tltp-left\">\n\t\t\t\t\t\t<a href=\"https:\/\/oikos.pt\/wp-content\/uploads\/2022\/11\/images_3B49-e1692183421312.jpeg\" data-elementor-open-lightbox=\"no\">View Large<\/a>\n\t\t\t\t\t<\/div>\n\t\t\t\t\t\t\t\t\t\t\t<div class=\"social-icons-wrapper wd-action-btn wd-style-icon wd-share-icon wd-tltp wd-tltp-left\">\n\t\t\t\t\t\t\t<a><\/a>\n\t\t\t\t\t\t\t<div class=\"wd-tooltip-label\">\n\t\t\t\t\t\t\t\t\n\t\t\t<div class=\" wd-social-icons icons-design-default icons-size-small color-scheme-light social-share social-form-circle text-center\">\n\n\t\t\t\t\n\t\t\t\t\t\t\t\t\t<a rel=\"noopener noreferrer nofollow\" href=\"https:\/\/www.facebook.com\/sharer\/sharer.php?u=https:\/\/oikos.pt\/mocambique\/3b49\/\" target=\"_blank\" class=\" wd-social-icon social-facebook\" aria-label=\"Facebook social link\">\n\t\t\t\t\t\t<span class=\"wd-icon\"><\/span>\n\t\t\t\t\t\t\t\t\t\t\t<\/a>\n\t\t\t\t\n\t\t\t\t\t\t\t\t\t<a rel=\"noopener noreferrer nofollow\" href=\"https:\/\/twitter.com\/share?url=https:\/\/oikos.pt\/mocambique\/3b49\/\" target=\"_blank\" class=\" wd-social-icon social-twitter\" aria-label=\"Twitter social link\">\n\t\t\t\t\t\t<span class=\"wd-icon\"><\/span>\n\t\t\t\t\t\t\t\t\t\t\t<\/a>\n\t\t\t\t\n\t\t\t\t\n\t\t\t\t\n\t\t\t\t\n\t\t\t\t\n\t\t\t\t\n\t\t\t\t\t\t\t\t\t<a rel=\"noopener noreferrer nofollow\" href=\"https:\/\/www.linkedin.com\/shareArticle?mini=true&url=https:\/\/oikos.pt\/mocambique\/3b49\/\" target=\"_blank\" class=\" wd-social-icon social-linkedin\" aria-label=\"Linkedin social link\">\n\t\t\t\t\t\t<span class=\"wd-icon\"><\/span>\n\t\t\t\t\t\t\t\t\t\t\t<\/a>\n\t\t\t\t\n\t\t\t\t\n\t\t\t\t\n\t\t\t\t\n\t\t\t\t\n\t\t\t\t\n\t\t\t\t\n\t\t\t\t\n\t\t\t\t\n\t\t\t\t\n\t\t\t\t\t\t\t\t\n\t\t\t\t\t\t\t\t\n\t\t\t\t\n\t\t\t\t\n\t\t\t\t\t\t\t\t\n\t\t\t\t\n\t\t\t<\/div>\n\n\t\t\t\t\t\t\t\t\t<\/div>\n\t\t\t\t\t\t<\/div>\n\t\t\t\t\t\t\t\t\t<\/div>\n\t\t\t<\/figure>\n\t\t\n\t\t<div class=\"portfolio-info\">\n\t\t\t\t\t\t\t<div class=\"wrap-meta\">\n\t\t\t\t\t<ul class=\"proj-cats-list\">\n\t\t\t\t\t\t\t\t\t\t\t\t\t\t\t\t\t\t\t\t<li>Seguran\u00e7a Alimentar e Economia Local<\/li>\n\t\t\t\t\t\t\t\t\t\t\t<\/ul>\n\t\t\t\t<\/div>\n\t\t\t\n\t\t\t<div class=\"wrap-title\">\n\t\t\t\t<h3 class=\"wd-entities-title\">\n\t\t\t\t\t<a href=\"https:\/\/oikos.pt\/mocambique\/3b49\/\" rel=\"bookmark\">Apoio \u00e0 recupera\u00e7\u00e3o do setor agr\u00edcola como forma de contribuir para a seguran\u00e7a alimentar das popula\u00e7\u00f5es afetadas pelos ciclones Idai e Kenneth<\/a>\n\t\t\t\t<\/h3>\n\t\t\t<\/div>\n\t\t<\/div>\n\t<\/header>\n<\/article>\n\t\t\t\t\t\t\t\t\n<article id=\"post-13736\" class=\"portfolio-entry  col-lg-4 col-md-4 col-sm-6 col-12 portfolio-single masonry-item proj-cat-ambiente-e-alteracoes-climaticas proj-cat-seguranca-alimentar-e-economia-local portfolio-text-shown post-13736 portfolio type-portfolio status-publish has-post-thumbnail hentry project-cat-ambiente-e-alteracoes-climaticas project-cat-seguranca-alimentar-e-economia-local tax_setor-ambiente-e-recursos-naturais tax_setor-desenvolvimento-da-economia-local tax_setor-seguranca-alimentar tax_estado-projetos-concluidos tax_regiao-cuba\">\n\t<header class=\"entry-header\">\n\t\t\t\t\t<figure class=\"entry-thumbnail color-scheme-light\">\n\t\t\t\t<a href=\"https:\/\/oikos.pt\/cuba\/5a24\/\" class=\"portfolio-thumbnail\">\n\t\t\t\t\t<img width=\"640\" height=\"195\" src=\"https:\/\/oikos.pt\/wp-content\/themes\/woodmart\/images\/lazy.png\" class=\"attachment-large size-large wd-lazy-load wd-lazy-fade\" alt=\"\" decoding=\"async\" srcset=\"\" sizes=\"(max-width: 640px) 100vw, 640px\" data-wood-src=\"https:\/\/oikos.pt\/wp-content\/uploads\/2011\/10\/JAE4C71-e1698398693884.jpg\" data-srcset=\"https:\/\/oikos.pt\/wp-content\/uploads\/2011\/10\/JAE4C71-e1698398693884.jpg 640w, https:\/\/oikos.pt\/wp-content\/uploads\/2011\/10\/JAE4C71-e1698398693884-400x122.jpg 400w, https:\/\/oikos.pt\/wp-content\/uploads\/2011\/10\/JAE4C71-e1698398693884-430x131.jpg 430w, https:\/\/oikos.pt\/wp-content\/uploads\/2011\/10\/JAE4C71-e1698398693884-150x46.jpg 150w\" \/>\t\t\t\t<\/a>\n\t\t\t\t<div class=\"wd-portfolio-btns\">\n\t\t\t\t\t<div class=\"portfolio-enlarge wd-action-btn wd-style-icon wd-enlarge-icon wd-tltp wd-tltp-left\">\n\t\t\t\t\t\t<a href=\"https:\/\/oikos.pt\/wp-content\/uploads\/2011\/10\/JAE4C71-e1698398693884.jpg\" data-elementor-open-lightbox=\"no\">View Large<\/a>\n\t\t\t\t\t<\/div>\n\t\t\t\t\t\t\t\t\t\t\t<div class=\"social-icons-wrapper wd-action-btn wd-style-icon wd-share-icon wd-tltp wd-tltp-left\">\n\t\t\t\t\t\t\t<a><\/a>\n\t\t\t\t\t\t\t<div class=\"wd-tooltip-label\">\n\t\t\t\t\t\t\t\t\n\t\t\t<div class=\" wd-social-icons icons-design-default icons-size-small color-scheme-light social-share social-form-circle text-center\">\n\n\t\t\t\t\n\t\t\t\t\t\t\t\t\t<a rel=\"noopener noreferrer nofollow\" href=\"https:\/\/www.facebook.com\/sharer\/sharer.php?u=https:\/\/oikos.pt\/cuba\/5a24\/\" target=\"_blank\" class=\" wd-social-icon social-facebook\" aria-label=\"Facebook social link\">\n\t\t\t\t\t\t<span class=\"wd-icon\"><\/span>\n\t\t\t\t\t\t\t\t\t\t\t<\/a>\n\t\t\t\t\n\t\t\t\t\t\t\t\t\t<a rel=\"noopener noreferrer nofollow\" href=\"https:\/\/twitter.com\/share?url=https:\/\/oikos.pt\/cuba\/5a24\/\" target=\"_blank\" class=\" wd-social-icon social-twitter\" aria-label=\"Twitter social link\">\n\t\t\t\t\t\t<span class=\"wd-icon\"><\/span>\n\t\t\t\t\t\t\t\t\t\t\t<\/a>\n\t\t\t\t\n\t\t\t\t\n\t\t\t\t\n\t\t\t\t\n\t\t\t\t\n\t\t\t\t\n\t\t\t\t\t\t\t\t\t<a rel=\"noopener noreferrer nofollow\" href=\"https:\/\/www.linkedin.com\/shareArticle?mini=true&url=https:\/\/oikos.pt\/cuba\/5a24\/\" target=\"_blank\" class=\" wd-social-icon social-linkedin\" aria-label=\"Linkedin social link\">\n\t\t\t\t\t\t<span class=\"wd-icon\"><\/span>\n\t\t\t\t\t\t\t\t\t\t\t<\/a>\n\t\t\t\t\n\t\t\t\t\n\t\t\t\t\n\t\t\t\t\n\t\t\t\t\n\t\t\t\t\n\t\t\t\t\n\t\t\t\t\n\t\t\t\t\n\t\t\t\t\n\t\t\t\t\t\t\t\t\n\t\t\t\t\t\t\t\t\n\t\t\t\t\n\t\t\t\t\n\t\t\t\t\t\t\t\t\n\t\t\t\t\n\t\t\t<\/div>\n\n\t\t\t\t\t\t\t\t\t<\/div>\n\t\t\t\t\t\t<\/div>\n\t\t\t\t\t\t\t\t\t<\/div>\n\t\t\t<\/figure>\n\t\t\n\t\t<div class=\"portfolio-info\">\n\t\t\t\t\t\t\t<div class=\"wrap-meta\">\n\t\t\t\t\t<ul class=\"proj-cats-list\">\n\t\t\t\t\t\t\t\t\t\t\t\t\t\t\t\t\t\t\t\t<li>Ambiente e Altera\u00e7\u00f5es Clim\u00e1ticas<\/li>\n\t\t\t\t\t\t\t\t\t\t\t\t\t\t\t\t\t\t\t\t<li>Seguran\u00e7a Alimentar e Economia Local<\/li>\n\t\t\t\t\t\t\t\t\t\t\t<\/ul>\n\t\t\t\t<\/div>\n\t\t\t\n\t\t\t<div class=\"wrap-title\">\n\t\t\t\t<h3 class=\"wd-entities-title\">\n\t\t\t\t\t<a href=\"https:\/\/oikos.pt\/cuba\/5a24\/\" rel=\"bookmark\">AgroEnergia &#8211; Fomento de cooperativas agr\u00edcolas integrais agroenerg\u00e9ticas para contribuir ao desenvolvimento sustent\u00e1vel em zonas rurais de Cuba<\/a>\n\t\t\t\t<\/h3>\n\t\t\t<\/div>\n\t\t<\/div>\n\t<\/header>\n<\/article>\n\t\t\t\t\t\t\t\t\n<article id=\"post-28896\" class=\"portfolio-entry  col-lg-4 col-md-4 col-sm-6 col-12 portfolio-single masonry-item proj-cat-seguranca-alimentar-e-economia-local portfolio-text-shown post-28896 portfolio type-portfolio status-publish has-post-thumbnail hentry project-cat-seguranca-alimentar-e-economia-local tax_setor-desenvolvimento-da-economia-local tax_setor-seguranca-alimentar tax_estado-projetos-concluidos tax_regiao-portugal\">\n\t<header class=\"entry-header\">\n\t\t\t\t\t<figure class=\"entry-thumbnail color-scheme-light\">\n\t\t\t\t<a href=\"https:\/\/oikos.pt\/portugal\/1a50\/\" class=\"portfolio-thumbnail\">\n\t\t\t\t\t<img width=\"600\" height=\"800\" src=\"https:\/\/oikos.pt\/wp-content\/themes\/woodmart\/images\/lazy.png\" class=\"attachment-large size-large wd-lazy-load wd-lazy-fade\" alt=\"\" decoding=\"async\" data-wood-src=\"https:\/\/oikos.pt\/wp-content\/uploads\/2023\/10\/117645107_637360796916146_3644951628195688292_n-600x800.jpg\" srcset=\"\" \/>\t\t\t\t<\/a>\n\t\t\t\t<div class=\"wd-portfolio-btns\">\n\t\t\t\t\t<div class=\"portfolio-enlarge wd-action-btn wd-style-icon wd-enlarge-icon wd-tltp wd-tltp-left\">\n\t\t\t\t\t\t<a href=\"https:\/\/oikos.pt\/wp-content\/uploads\/2023\/10\/117645107_637360796916146_3644951628195688292_n-e1698141011377.jpg\" data-elementor-open-lightbox=\"no\">View Large<\/a>\n\t\t\t\t\t<\/div>\n\t\t\t\t\t\t\t\t\t\t\t<div class=\"social-icons-wrapper wd-action-btn wd-style-icon wd-share-icon wd-tltp wd-tltp-left\">\n\t\t\t\t\t\t\t<a><\/a>\n\t\t\t\t\t\t\t<div class=\"wd-tooltip-label\">\n\t\t\t\t\t\t\t\t\n\t\t\t<div class=\" wd-social-icons icons-design-default icons-size-small color-scheme-light social-share social-form-circle text-center\">\n\n\t\t\t\t\n\t\t\t\t\t\t\t\t\t<a rel=\"noopener noreferrer nofollow\" href=\"https:\/\/www.facebook.com\/sharer\/sharer.php?u=https:\/\/oikos.pt\/portugal\/1a50\/\" target=\"_blank\" class=\" wd-social-icon social-facebook\" aria-label=\"Facebook social link\">\n\t\t\t\t\t\t<span class=\"wd-icon\"><\/span>\n\t\t\t\t\t\t\t\t\t\t\t<\/a>\n\t\t\t\t\n\t\t\t\t\t\t\t\t\t<a rel=\"noopener noreferrer nofollow\" href=\"https:\/\/twitter.com\/share?url=https:\/\/oikos.pt\/portugal\/1a50\/\" target=\"_blank\" class=\" wd-social-icon social-twitter\" aria-label=\"Twitter social link\">\n\t\t\t\t\t\t<span class=\"wd-icon\"><\/span>\n\t\t\t\t\t\t\t\t\t\t\t<\/a>\n\t\t\t\t\n\t\t\t\t\n\t\t\t\t\n\t\t\t\t\n\t\t\t\t\n\t\t\t\t\n\t\t\t\t\t\t\t\t\t<a rel=\"noopener noreferrer nofollow\" href=\"https:\/\/www.linkedin.com\/shareArticle?mini=true&url=https:\/\/oikos.pt\/portugal\/1a50\/\" target=\"_blank\" class=\" wd-social-icon social-linkedin\" aria-label=\"Linkedin social link\">\n\t\t\t\t\t\t<span class=\"wd-icon\"><\/span>\n\t\t\t\t\t\t\t\t\t\t\t<\/a>\n\t\t\t\t\n\t\t\t\t\n\t\t\t\t\n\t\t\t\t\n\t\t\t\t\n\t\t\t\t\n\t\t\t\t\n\t\t\t\t\n\t\t\t\t\n\t\t\t\t\n\t\t\t\t\t\t\t\t\n\t\t\t\t\t\t\t\t\n\t\t\t\t\n\t\t\t\t\n\t\t\t\t\t\t\t\t\n\t\t\t\t\n\t\t\t<\/div>\n\n\t\t\t\t\t\t\t\t\t<\/div>\n\t\t\t\t\t\t<\/div>\n\t\t\t\t\t\t\t\t\t<\/div>\n\t\t\t<\/figure>\n\t\t\n\t\t<div class=\"portfolio-info\">\n\t\t\t\t\t\t\t<div class=\"wrap-meta\">\n\t\t\t\t\t<ul class=\"proj-cats-list\">\n\t\t\t\t\t\t\t\t\t\t\t\t\t\t\t\t\t\t\t\t<li>Seguran\u00e7a Alimentar e Economia Local<\/li>\n\t\t\t\t\t\t\t\t\t\t\t<\/ul>\n\t\t\t\t<\/div>\n\t\t\t\n\t\t\t<div class=\"wrap-title\">\n\t\t\t\t<h3 class=\"wd-entities-title\">\n\t\t\t\t\t<a href=\"https:\/\/oikos.pt\/portugal\/1a50\/\" rel=\"bookmark\">A quem comprar &#8211; O papel dos consumidores na promo\u00e7\u00e3o do desenvolvimento econ\u00f3mico e social nos pa\u00edses em desenvolvimento<\/a>\n\t\t\t\t<\/h3>\n\t\t\t<\/div>\n\t\t<\/div>\n\t<\/header>\n<\/article>\n\t\t\t\t\t\t\t\t\n<article id=\"post-1327\" class=\"portfolio-entry  col-lg-4 col-md-4 col-sm-6 col-12 portfolio-single masonry-item proj-cat-ambiente-e-alteracoes-climaticas proj-cat-seguranca-alimentar-e-economia-local portfolio-text-shown post-1327 portfolio type-portfolio status-publish has-post-thumbnail hentry project-cat-ambiente-e-alteracoes-climaticas project-cat-seguranca-alimentar-e-economia-local tax_setor-abrigo-e-infraestruturas tax_setor-resiliencia-e-alteracoes-climaticas tax_setor-seguranca-alimentar tax_estado-projetos-concluidos tax_regiao-mocambique\">\n\t<header class=\"entry-header\">\n\t\t\t\t\t<figure class=\"entry-thumbnail color-scheme-light\">\n\t\t\t\t<a href=\"https:\/\/oikos.pt\/mocambique\/3b32\/\" class=\"portfolio-thumbnail\">\n\t\t\t\t\t<img width=\"1300\" height=\"517\" src=\"https:\/\/oikos.pt\/wp-content\/themes\/woodmart\/images\/lazy.png\" class=\"attachment-large size-large wd-lazy-load wd-lazy-fade\" alt=\"\" decoding=\"async\" srcset=\"\" sizes=\"(max-width: 1300px) 100vw, 1300px\" data-wood-src=\"https:\/\/oikos.pt\/wp-content\/uploads\/2012\/08\/IMG_0356-scaled-e1692697004998-1300x517.jpg\" data-srcset=\"https:\/\/oikos.pt\/wp-content\/uploads\/2012\/08\/IMG_0356-scaled-e1692697004998-1300x517.jpg 1300w, https:\/\/oikos.pt\/wp-content\/uploads\/2012\/08\/IMG_0356-scaled-e1692697004998-400x159.jpg 400w, https:\/\/oikos.pt\/wp-content\/uploads\/2012\/08\/IMG_0356-scaled-e1692697004998-768x306.jpg 768w, https:\/\/oikos.pt\/wp-content\/uploads\/2012\/08\/IMG_0356-scaled-e1692697004998-1536x611.jpg 1536w, https:\/\/oikos.pt\/wp-content\/uploads\/2012\/08\/IMG_0356-scaled-e1692697004998-2048x815.jpg 2048w, https:\/\/oikos.pt\/wp-content\/uploads\/2012\/08\/IMG_0356-scaled-e1692697004998-860x342.jpg 860w, https:\/\/oikos.pt\/wp-content\/uploads\/2012\/08\/IMG_0356-scaled-e1692697004998-430x171.jpg 430w, https:\/\/oikos.pt\/wp-content\/uploads\/2012\/08\/IMG_0356-scaled-e1692697004998-700x279.jpg 700w, https:\/\/oikos.pt\/wp-content\/uploads\/2012\/08\/IMG_0356-scaled-e1692697004998-150x60.jpg 150w\" \/>\t\t\t\t<\/a>\n\t\t\t\t<div class=\"wd-portfolio-btns\">\n\t\t\t\t\t<div class=\"portfolio-enlarge wd-action-btn wd-style-icon wd-enlarge-icon wd-tltp wd-tltp-left\">\n\t\t\t\t\t\t<a href=\"https:\/\/oikos.pt\/wp-content\/uploads\/2012\/08\/IMG_0356-scaled-e1692697004998.jpg\" data-elementor-open-lightbox=\"no\">View Large<\/a>\n\t\t\t\t\t<\/div>\n\t\t\t\t\t\t\t\t\t\t\t<div class=\"social-icons-wrapper wd-action-btn wd-style-icon wd-share-icon wd-tltp wd-tltp-left\">\n\t\t\t\t\t\t\t<a><\/a>\n\t\t\t\t\t\t\t<div class=\"wd-tooltip-label\">\n\t\t\t\t\t\t\t\t\n\t\t\t<div class=\" wd-social-icons icons-design-default icons-size-small color-scheme-light social-share social-form-circle text-center\">\n\n\t\t\t\t\n\t\t\t\t\t\t\t\t\t<a rel=\"noopener noreferrer nofollow\" href=\"https:\/\/www.facebook.com\/sharer\/sharer.php?u=https:\/\/oikos.pt\/mocambique\/3b32\/\" target=\"_blank\" class=\" wd-social-icon social-facebook\" aria-label=\"Facebook social link\">\n\t\t\t\t\t\t<span class=\"wd-icon\"><\/span>\n\t\t\t\t\t\t\t\t\t\t\t<\/a>\n\t\t\t\t\n\t\t\t\t\t\t\t\t\t<a rel=\"noopener noreferrer nofollow\" href=\"https:\/\/twitter.com\/share?url=https:\/\/oikos.pt\/mocambique\/3b32\/\" target=\"_blank\" class=\" wd-social-icon social-twitter\" aria-label=\"Twitter social link\">\n\t\t\t\t\t\t<span class=\"wd-icon\"><\/span>\n\t\t\t\t\t\t\t\t\t\t\t<\/a>\n\t\t\t\t\n\t\t\t\t\n\t\t\t\t\n\t\t\t\t\n\t\t\t\t\n\t\t\t\t\n\t\t\t\t\t\t\t\t\t<a rel=\"noopener noreferrer nofollow\" href=\"https:\/\/www.linkedin.com\/shareArticle?mini=true&url=https:\/\/oikos.pt\/mocambique\/3b32\/\" target=\"_blank\" class=\" wd-social-icon social-linkedin\" aria-label=\"Linkedin social link\">\n\t\t\t\t\t\t<span class=\"wd-icon\"><\/span>\n\t\t\t\t\t\t\t\t\t\t\t<\/a>\n\t\t\t\t\n\t\t\t\t\n\t\t\t\t\n\t\t\t\t\n\t\t\t\t\n\t\t\t\t\n\t\t\t\t\n\t\t\t\t\n\t\t\t\t\n\t\t\t\t\n\t\t\t\t\t\t\t\t\n\t\t\t\t\t\t\t\t\n\t\t\t\t\n\t\t\t\t\n\t\t\t\t\t\t\t\t\n\t\t\t\t\n\t\t\t<\/div>\n\n\t\t\t\t\t\t\t\t\t<\/div>\n\t\t\t\t\t\t<\/div>\n\t\t\t\t\t\t\t\t\t<\/div>\n\t\t\t<\/figure>\n\t\t\n\t\t<div class=\"portfolio-info\">\n\t\t\t\t\t\t\t<div class=\"wrap-meta\">\n\t\t\t\t\t<ul class=\"proj-cats-list\">\n\t\t\t\t\t\t\t\t\t\t\t\t\t\t\t\t\t\t\t\t<li>Ambiente e Altera\u00e7\u00f5es Clim\u00e1ticas<\/li>\n\t\t\t\t\t\t\t\t\t\t\t\t\t\t\t\t\t\t\t\t<li>Seguran\u00e7a Alimentar e Economia Local<\/li>\n\t\t\t\t\t\t\t\t\t\t\t<\/ul>\n\t\t\t\t<\/div>\n\t\t\t\n\t\t\t<div class=\"wrap-title\">\n\t\t\t\t<h3 class=\"wd-entities-title\">\n\t\t\t\t\t<a href=\"https:\/\/oikos.pt\/mocambique\/3b32\/\" rel=\"bookmark\">A \u201ccomunidade-modelo\u201d &#8211; Consolida\u00e7\u00e3o de solu\u00e7\u00f5es de base comunit\u00e1ria para a redu\u00e7\u00e3o do risco de desastres nos distritos da Ilha de Mo\u00e7ambique e de Mossuril<\/a>\n\t\t\t\t<\/h3>\n\t\t\t<\/div>\n\t\t<\/div>\n\t<\/header>\n<\/article>\n\t\t\n\t\t\n\t\t\n\t\t\t\t\t","status":"no-more-posts","nextPage":"?woo_ajax=1","currentPage":"https:\/\/oikos.pt\/projetos\/page\/2"}